{"id":16692,"date":"2025-05-16T10:32:44","date_gmt":"2025-05-16T08:32:44","guid":{"rendered":"https:\/\/entretormentas.com\/?p=16692"},"modified":"2025-05-16T10:32:44","modified_gmt":"2025-05-16T08:32:44","slug":"esperan-desbordar-la-calle-72-manuel-rosales-y-la-oposicion-cierran-campana-en-maracaibo","status":"publish","type":"post","link":"https:\/\/entretormentas.com\/esperan-desbordar-la-calle-72-manuel-rosales-y-la-oposicion-cierran-campana-en-maracaibo\/","title":{"rendered":"\u00a1ESPERAN DESBORDAR LA CALLE 72! Manuel Rosales y la oposici\u00f3n cierran campa\u00f1a en Maracaibo"},"content":{"rendered":"\n<p><strong>ENTRE TORMENTAS. <\/strong>Este viernes, la Calle 72 de Maracaibo ser\u00e1 el escenario de una gran muestra de fuerza, unidad y convicci\u00f3n democr\u00e1tica. A partir de las 4:00 p.m., el gobernador Manuel Rosales Guerrero y los candidatos de la oposici\u00f3n encabezar\u00e1n el acto \u201cLa Fuerza del Zulia\u201d, como parte del cierre de campa\u00f1a rumbo a las elecciones del 25 de mayo.<\/p>\n\n\n\n<p>Nora Bracho, jefa de campa\u00f1a en la regi\u00f3n y candidata a la Asamblea Nacional, destac\u00f3 que la Calle 72 se desbordar\u00e1 de esperanza ese d\u00eda para acompa\u00f1ar al l\u00edder del Zulia y a los aspirantes del Parlamento Nacional y Consejo Legislativo, quienes tendr\u00e1n la noble labor de defender la democracia, la paz y el porvenir del estado.<\/p>\n\n\n\n<p>La tambi\u00e9n presidenta de la tolda azul se\u00f1al\u00f3 que, bajo el lema \u201cEl Zulia es la raz\u00f3n\u201d, en esta concentraci\u00f3n la gran mayor\u00eda del pueblo zuliano reafirmar\u00e1 su compromiso con el voto como herramienta de cambio.<\/p>\n\n\n\n<p>Asimismo, subray\u00f3 que esta jornada representa mucho m\u00e1s que el cierre de una campa\u00f1a: Se trata de una cruzada por el futuro del estado y del pa\u00eds. \u201cDesde 2021, Manuel Rosales ha liderado, sin descanso, la recuperaci\u00f3n del Zulia, sacando del abandono y la oscuridad el que se encontraba por indolentes administraciones del pasado. Hoy vemos resultados concretos en vialidad, educaci\u00f3n, salud, tecnolog\u00eda, obras p\u00fablicas y desarrollo social. Por eso, este 25 de mayo, el voto tambi\u00e9n ser\u00e1 una forma de proteger lo que juntos hemos reconstruido y de abrirle paso a todo lo que a\u00fan est\u00e1 por venir\u201d, afirm\u00f3.<\/p>\n\n\n\n<p>En el coraz\u00f3n de Maracaibo, la Calle 72 volver\u00e1 a vibrar al ritmo de la esperanza y la determinaci\u00f3n de un pueblo que no se rinde.<br><strong><em>ET \/ Nota de Prensa<\/em><\/strong><\/p>\n\n\n\n<p><\/p>\n","protected":false},"excerpt":{"rendered":"<p>ENTRE TORMENTAS. Este viernes, la Calle 72 de Maracaibo ser\u00e1 el escenario de una gran&#8230;<\/p>\n","protected":false},"author":2,"featured_media":16693,"comment_status":"closed","ping_status":"open","sticky":false,"template":"","format":"standard","meta":{"footnotes":""},"categories":[57,1],"tags":[],"class_list":["post-16692","post","type-post","status-publish","format-standard","has-post-thumbnail","hentry","category-actualidad","category-regionales"],"_links":{"self":[{"href":"https:\/\/entretormentas.com\/index.php?rest_route=\/wp\/v2\/posts\/16692","targetHints":{"allow":["GET"]}}],"collection":[{"href":"https:\/\/entretormentas.com\/index.php?rest_route=\/wp\/v2\/posts"}],"about":[{"href":"https:\/\/entretormentas.com\/index.php?rest_route=\/wp\/v2\/types\/post"}],"author":[{"embeddable":true,"href":"https:\/\/entretormentas.com\/index.php?rest_route=\/wp\/v2\/users\/2"}],"replies":[{"embeddable":true,"href":"https:\/\/entretormentas.com\/index.php?rest_route=%2Fwp%2Fv2%2Fcomments&post=16692"}],"version-history":[{"count":1,"href":"https:\/\/entretormentas.com\/index.php?rest_route=\/wp\/v2\/posts\/16692\/revisions"}],"predecessor-version":[{"id":16694,"href":"https:\/\/entretormentas.com\/index.php?rest_route=\/wp\/v2\/posts\/16692\/revisions\/16694"}],"wp:featuredmedia":[{"embeddable":true,"href":"https:\/\/entretormentas.com\/index.php?rest_route=\/wp\/v2\/media\/16693"}],"wp:attachment":[{"href":"https:\/\/entretormentas.com\/index.php?rest_route=%2Fwp%2Fv2%2Fmedia&parent=16692"}],"wp:term":[{"taxonomy":"category","embeddable":true,"href":"https:\/\/entretormentas.com\/index.php?rest_route=%2Fwp%2Fv2%2Fcategories&post=16692"},{"taxonomy":"post_tag","embeddable":true,"href":"https:\/\/entretormentas.com\/index.php?rest_route=%2Fwp%2Fv2%2Ftags&post=16692"}],"curies":[{"name":"wp","href":"https:\/\/api.w.org\/{rel}","templated":true}]}}