{"id":16705,"date":"2025-05-16T10:43:42","date_gmt":"2025-05-16T08:43:42","guid":{"rendered":"https:\/\/entretormentas.com\/?p=16705"},"modified":"2025-05-16T10:43:42","modified_gmt":"2025-05-16T08:43:42","slug":"para-abandonar-el-pais-cabello-asegura-que-juan-pablo-guanipa-quiere-negociar-con-el-gobierno","status":"publish","type":"post","link":"https:\/\/entretormentas.com\/para-abandonar-el-pais-cabello-asegura-que-juan-pablo-guanipa-quiere-negociar-con-el-gobierno\/","title":{"rendered":"\u00a1PARA ABANDONAR EL PA\u00cdS! Cabello asegura que Juan Pablo Guanipa quiere negociar con el Gobierno"},"content":{"rendered":"\n<p><strong>ENTRE TORMENTAS.<\/strong> El ministro para Relaciones Interiores, Justicia y Paz, Diosdado Cabello, revel\u00f3 este mi\u00e9rcoles 14 de mayo que el dirigente opositor, Juan Pablo Guanipa, quiere negociar con el gobierno nacional a cambio de que se le permita salir del pa\u00eds.<\/p>\n\n\n\n<p>Durante la transmisi\u00f3n de su programa Con el Mazo Dando, el alto funcionario cit\u00f3 a uno de sus informantes quien le asegur\u00f3 que Guanipa fue excluido de las negociaciones que se adelantaron en torno a los dirigentes cercanos a la extremista Mar\u00eda Corina Machado, quienes permanec\u00edan en la Embajada de Argentina en Caracas.<\/p>\n\n\n\n<p>\u201cQuiere negociar como hicieron los dirigentes de Vente (Venezuela) que estaban escondidos en la Embajada de Argentina. Como a \u00e9l lo dejaron por fuera de las negociaciones y Mar\u00eda Corina Machado lo excluy\u00f3 de su entorno de confianza, \u00e9l quiere colaborar a cambio de que pueda irse porque sabe que Mar\u00eda Corina tambi\u00e9n se ir\u00e1\u201d, asegur\u00f3.<\/p>\n\n\n\n<p>Guanipa podr\u00eda estar involucrado en la trama de corrupci\u00f3n en la alcald\u00eda de Maracaibo, estado Zulia, que fue develada a finales del a\u00f1o pasado y que se\u00f1al\u00f3 al exalcalde Rafael Ram\u00edrez, as\u00ed como a varios funcionarios de este ayuntamiento, entre ellos su hermano Pedro Guanipa.<br><strong><em>ET \/ Globovisi\u00f3n<\/em><\/strong><\/p>\n","protected":false},"excerpt":{"rendered":"<p>ENTRE TORMENTAS. El ministro para Relaciones Interiores, Justicia y Paz, Diosdado Cabello, revel\u00f3 este mi\u00e9rcoles&#8230;<\/p>\n","protected":false},"author":2,"featured_media":16706,"comment_status":"closed","ping_status":"open","sticky":false,"template":"","format":"standard","meta":{"footnotes":""},"categories":[56,49],"tags":[],"class_list":["post-16705","post","type-post","status-publish","format-standard","has-post-thumbnail","hentry","category-destacadas","category-nacionales"],"_links":{"self":[{"href":"https:\/\/entretormentas.com\/index.php?rest_route=\/wp\/v2\/posts\/16705","targetHints":{"allow":["GET"]}}],"collection":[{"href":"https:\/\/entretormentas.com\/index.php?rest_route=\/wp\/v2\/posts"}],"about":[{"href":"https:\/\/entretormentas.com\/index.php?rest_route=\/wp\/v2\/types\/post"}],"author":[{"embeddable":true,"href":"https:\/\/entretormentas.com\/index.php?rest_route=\/wp\/v2\/users\/2"}],"replies":[{"embeddable":true,"href":"https:\/\/entretormentas.com\/index.php?rest_route=%2Fwp%2Fv2%2Fcomments&post=16705"}],"version-history":[{"count":1,"href":"https:\/\/entretormentas.com\/index.php?rest_route=\/wp\/v2\/posts\/16705\/revisions"}],"predecessor-version":[{"id":16707,"href":"https:\/\/entretormentas.com\/index.php?rest_route=\/wp\/v2\/posts\/16705\/revisions\/16707"}],"wp:featuredmedia":[{"embeddable":true,"href":"https:\/\/entretormentas.com\/index.php?rest_route=\/wp\/v2\/media\/16706"}],"wp:attachment":[{"href":"https:\/\/entretormentas.com\/index.php?rest_route=%2Fwp%2Fv2%2Fmedia&parent=16705"}],"wp:term":[{"taxonomy":"category","embeddable":true,"href":"https:\/\/entretormentas.com\/index.php?rest_route=%2Fwp%2Fv2%2Fcategories&post=16705"},{"taxonomy":"post_tag","embeddable":true,"href":"https:\/\/entretormentas.com\/index.php?rest_route=%2Fwp%2Fv2%2Ftags&post=16705"}],"curies":[{"name":"wp","href":"https:\/\/api.w.org\/{rel}","templated":true}]}}