{"id":16708,"date":"2025-05-16T10:45:57","date_gmt":"2025-05-16T08:45:57","guid":{"rendered":"https:\/\/entretormentas.com\/?p=16708"},"modified":"2025-05-16T10:45:57","modified_gmt":"2025-05-16T08:45:57","slug":"reiteracion-mcm-reitera-llamado-a-no-participar-en-elecciones-del-25-may","status":"publish","type":"post","link":"https:\/\/entretormentas.com\/reiteracion-mcm-reitera-llamado-a-no-participar-en-elecciones-del-25-may\/","title":{"rendered":"\u00a1REITERACI\u00d3N! MCM reitera llamado a no participar en elecciones del 25-May"},"content":{"rendered":"\n<p><strong>ENTRE TORMENTAS. <\/strong>La l\u00edder opositora Mar\u00eda Corina Machado reiter\u00f3 a los ciudadanos su llamado a no participar en las elecciones regionales y parlamentarias previstas para el pr\u00f3ximo 25 de mayo.<\/p>\n\n\n\n<p>Argument\u00f3 que los venezolanos ya expresaron su voluntad en las presidenciales del 28 de julio, en las que, seg\u00fan la oposici\u00f3n, result\u00f3 ganador Edmundo Gonz\u00e1lez Urrutia.<\/p>\n\n\n\n<p>A trav\u00e9s de un video difundido en la red social X, Machado reafirm\u00f3 su postura de desconocer los comicios convocados por el Consejo Nacional Electoral (CNE), asegurando que representan un intento de legitimar un fraude.<\/p>\n\n\n\n<p>\u201cEse d\u00eda ganamos porque somos Venezuela\u201d, expres\u00f3, mientras mostraba im\u00e1genes de opositores que abandonaron recientemente la embajada de Argentina en Caracas.<\/p>\n\n\n\n<p><strong>MCM: \u201cELLOS NO MANDAN\u201d<\/strong><br>En su mensaje, Machado resalt\u00f3 que los venezolanos ya desobedecieron al gobierno el pasado julio, y que no deben caer nuevamente en lo que considera una estrategia para simular normalidad democr\u00e1tica. \u201cT\u00fa ya desobedeciste y cuando todos decimos no, ellos no mandan\u201d, afirm\u00f3, en alusi\u00f3n a la administraci\u00f3n de Nicol\u00e1s Maduro.<\/p>\n\n\n\n<p>Desde febrero, tanto Mar\u00eda Corina Machado como Gonz\u00e1lez Urrutia han reiterado su llamado a la abstenci\u00f3n en las elecciones del 25 de mayo, en rechazo a la negativa del CNE de publicar los resultados detallados de las presidenciales y a la presunta manipulaci\u00f3n institucional del proceso electoral.<br><strong><em>ET \/ El Nacional<\/em><\/strong><\/p>\n\n\n\n<p><\/p>\n","protected":false},"excerpt":{"rendered":"<p>ENTRE TORMENTAS. La l\u00edder opositora Mar\u00eda Corina Machado reiter\u00f3 a los ciudadanos su llamado a&#8230;<\/p>\n","protected":false},"author":2,"featured_media":16709,"comment_status":"closed","ping_status":"open","sticky":false,"template":"","format":"standard","meta":{"footnotes":""},"categories":[56,49],"tags":[],"class_list":["post-16708","post","type-post","status-publish","format-standard","has-post-thumbnail","hentry","category-destacadas","category-nacionales"],"_links":{"self":[{"href":"https:\/\/entretormentas.com\/index.php?rest_route=\/wp\/v2\/posts\/16708","targetHints":{"allow":["GET"]}}],"collection":[{"href":"https:\/\/entretormentas.com\/index.php?rest_route=\/wp\/v2\/posts"}],"about":[{"href":"https:\/\/entretormentas.com\/index.php?rest_route=\/wp\/v2\/types\/post"}],"author":[{"embeddable":true,"href":"https:\/\/entretormentas.com\/index.php?rest_route=\/wp\/v2\/users\/2"}],"replies":[{"embeddable":true,"href":"https:\/\/entretormentas.com\/index.php?rest_route=%2Fwp%2Fv2%2Fcomments&post=16708"}],"version-history":[{"count":1,"href":"https:\/\/entretormentas.com\/index.php?rest_route=\/wp\/v2\/posts\/16708\/revisions"}],"predecessor-version":[{"id":16710,"href":"https:\/\/entretormentas.com\/index.php?rest_route=\/wp\/v2\/posts\/16708\/revisions\/16710"}],"wp:featuredmedia":[{"embeddable":true,"href":"https:\/\/entretormentas.com\/index.php?rest_route=\/wp\/v2\/media\/16709"}],"wp:attachment":[{"href":"https:\/\/entretormentas.com\/index.php?rest_route=%2Fwp%2Fv2%2Fmedia&parent=16708"}],"wp:term":[{"taxonomy":"category","embeddable":true,"href":"https:\/\/entretormentas.com\/index.php?rest_route=%2Fwp%2Fv2%2Fcategories&post=16708"},{"taxonomy":"post_tag","embeddable":true,"href":"https:\/\/entretormentas.com\/index.php?rest_route=%2Fwp%2Fv2%2Ftags&post=16708"}],"curies":[{"name":"wp","href":"https:\/\/api.w.org\/{rel}","templated":true}]}}