{"id":16711,"date":"2025-05-16T10:48:22","date_gmt":"2025-05-16T08:48:22","guid":{"rendered":"https:\/\/entretormentas.com\/?p=16711"},"modified":"2025-05-16T10:48:22","modified_gmt":"2025-05-16T08:48:22","slug":"compromiso-maduro-afirma-que-volveran-todos-los-venezolanos-secuestrados-en-el-salvador","status":"publish","type":"post","link":"https:\/\/entretormentas.com\/compromiso-maduro-afirma-que-volveran-todos-los-venezolanos-secuestrados-en-el-salvador\/","title":{"rendered":"\u00a1COMPROMISO! Maduro afirma que volver\u00e1n todos los venezolanos \u00absecuestrados\u00bb en El Salvador"},"content":{"rendered":"\n<p><strong>ENTRE TORMENTAS. <\/strong>El presidente Nicol\u00e1s Maduro asever\u00f3 este jueves que \u201c\u00a1Todos volver\u00e1n!\u201d en alusi\u00f3n a los m\u00e1s de 200 connacionales \u201csecuestrados y desaparecidos dentro de Estados Unidos y en El Salvador\u201d.<\/p>\n\n\n\n<p>A trav\u00e9s de un video publicado en su cuenta de Instagram, el mandatario nacional dirigi\u00f3 unas palabras a los familiares de los venezolanos migrantes. \u00abLes cantaremos con Rub\u00e9n Blades la canci\u00f3n Todos Vuelven\u00bb.<\/p>\n\n\n\n<p>Asimismo, en el video se indic\u00f3 que Venezuela \u00abvolver\u00e1 a sentir las pisadas de sus hijos e hijas, recoger\u00e1 el fruto, el trabajo de quienes labran la tierra a la que pertenece, porque ning\u00fan hijo verdadero de esta tierra se queda en el olvido y ning\u00fan camino es tan largo como para que la patria no lo alcance\u00bb.<\/p>\n\n\n\n<p>\u00abVolver\u00e1n, s\u00ed volver\u00e1n todos, como vuelve el r\u00edo a besar la orilla que lo vio nacer, como vuelve la semilla tras la tormenta al abrir paso entre la tierra. Volver\u00e1n, porque la patria llama y el pueblo reclama, como el hijo corriendo a los brazos de su madre, porque no se arranca lo que se lleva en el alma, porque no se borra lo que ha sido escrito con la lucha de hombres, mujeres y de la ni\u00f1a que pari\u00f3 esta patria. Volver\u00e1n y se alzar\u00e1n como el \u00e1rbol que florece despu\u00e9s del vendaval\u00bb, se\u00f1al\u00f3 en el video.<br><strong><em>ET \/ El Universal<\/em><\/strong><\/p>\n","protected":false},"excerpt":{"rendered":"<p>ENTRE TORMENTAS. El presidente Nicol\u00e1s Maduro asever\u00f3 este jueves que \u201c\u00a1Todos volver\u00e1n!\u201d en alusi\u00f3n a&#8230;<\/p>\n","protected":false},"author":2,"featured_media":16712,"comment_status":"closed","ping_status":"open","sticky":false,"template":"","format":"standard","meta":{"footnotes":""},"categories":[56,49],"tags":[],"class_list":["post-16711","post","type-post","status-publish","format-standard","has-post-thumbnail","hentry","category-destacadas","category-nacionales"],"_links":{"self":[{"href":"https:\/\/entretormentas.com\/index.php?rest_route=\/wp\/v2\/posts\/16711","targetHints":{"allow":["GET"]}}],"collection":[{"href":"https:\/\/entretormentas.com\/index.php?rest_route=\/wp\/v2\/posts"}],"about":[{"href":"https:\/\/entretormentas.com\/index.php?rest_route=\/wp\/v2\/types\/post"}],"author":[{"embeddable":true,"href":"https:\/\/entretormentas.com\/index.php?rest_route=\/wp\/v2\/users\/2"}],"replies":[{"embeddable":true,"href":"https:\/\/entretormentas.com\/index.php?rest_route=%2Fwp%2Fv2%2Fcomments&post=16711"}],"version-history":[{"count":1,"href":"https:\/\/entretormentas.com\/index.php?rest_route=\/wp\/v2\/posts\/16711\/revisions"}],"predecessor-version":[{"id":16713,"href":"https:\/\/entretormentas.com\/index.php?rest_route=\/wp\/v2\/posts\/16711\/revisions\/16713"}],"wp:featuredmedia":[{"embeddable":true,"href":"https:\/\/entretormentas.com\/index.php?rest_route=\/wp\/v2\/media\/16712"}],"wp:attachment":[{"href":"https:\/\/entretormentas.com\/index.php?rest_route=%2Fwp%2Fv2%2Fmedia&parent=16711"}],"wp:term":[{"taxonomy":"category","embeddable":true,"href":"https:\/\/entretormentas.com\/index.php?rest_route=%2Fwp%2Fv2%2Fcategories&post=16711"},{"taxonomy":"post_tag","embeddable":true,"href":"https:\/\/entretormentas.com\/index.php?rest_route=%2Fwp%2Fv2%2Ftags&post=16711"}],"curies":[{"name":"wp","href":"https:\/\/api.w.org\/{rel}","templated":true}]}}