{"id":16714,"date":"2025-05-16T10:51:27","date_gmt":"2025-05-16T08:51:27","guid":{"rendered":"https:\/\/entretormentas.com\/?p=16714"},"modified":"2025-05-16T10:51:28","modified_gmt":"2025-05-16T08:51:28","slug":"tension-internacional-guyana-denuncia-ataques-a-tiros-contra-sus-tropas-en-frontera-con-venezuela","status":"publish","type":"post","link":"https:\/\/entretormentas.com\/tension-internacional-guyana-denuncia-ataques-a-tiros-contra-sus-tropas-en-frontera-con-venezuela\/","title":{"rendered":"\u00a1TENSI\u00d3N INTERNACIONAL! Guyana denuncia ataques a tiros contra sus tropas en frontera con Venezuela"},"content":{"rendered":"\n<p><strong>ENTRE TORMENTAS. <\/strong>Guyana denunci\u00f3 este jueves 15 de mayo tres presuntos ataques de civiles armados contra las tropas de su Fuerza de Defensa (GDF) en la frontera con Venezuela, sin reportar heridos.<\/p>\n\n\n\n<p>El ataque, seg\u00fan Guyana, se produjo en el r\u00edo Cuyuni del Esequibo, la regi\u00f3n rica en petr\u00f3leo y minerales que ambos pa\u00edses se disputan y donde Venezuela planea escoger autoridades regionales y parlamentarias el pr\u00f3ximo 25 de mayo.<\/p>\n\n\n\n<p>En las \u00faltimas 24 horas, \u00abhombres armados vestidos de civil en la costa venezolana a lo largo del r\u00edo Cuyuni (\u2026) llevaron a cabo tres ataques separados contra las tropas de la Fuerza de Defensa de Guyana que realizaban patrullajes fluviales\u00bb, dijo el cuerpo militar en un comunicado.<\/p>\n\n\n\n<p>\u00abEn cada ocasi\u00f3n, la Fuerza de Defensa de Guyana ejecut\u00f3 una respuesta mesurada, y ning\u00fan oficial sufri\u00f3 heridas\u00bb, a\u00f1adi\u00f3.<\/p>\n\n\n\n<figure class=\"wp-block-image size-full\"><img fetchpriority=\"high\" decoding=\"async\" width=\"900\" height=\"597\" src=\"https:\/\/entretormentas.com\/wp-content\/uploads\/2025\/05\/guya2.jpg\" alt=\"\" class=\"wp-image-16715\" srcset=\"https:\/\/entretormentas.com\/wp-content\/uploads\/2025\/05\/guya2.jpg 900w, https:\/\/entretormentas.com\/wp-content\/uploads\/2025\/05\/guya2-300x199.jpg 300w, https:\/\/entretormentas.com\/wp-content\/uploads\/2025\/05\/guya2-768x509.jpg 768w\" sizes=\"(max-width: 900px) 100vw, 900px\" \/><\/figure>\n\n\n\n<p>El pasado 17 de febrero Guyana tambi\u00e9n denunci\u00f3 un presunto ataque por parte de una banda venezolana en el r\u00edo Cuyuni que dej\u00f3 seis soldados heridos.<\/p>\n\n\n\n<p><strong>VENEZUELA RESPONDE<\/strong><br>La denuncia fue tachada por el gobierno de Venezuela como un \u00abvil montaje\u00bb, mientras que la fiscal\u00eda venezolana anunci\u00f3 una investigaci\u00f3n.<\/p>\n\n\n\n<p>El cuerpo militar dijo este jueves que \u00abcontinuar\u00e1 respondiendo a los actos de agresi\u00f3n a lo largo de la frontera entre Guyana y Venezuela y mantendr\u00e1 patrullajes regulares a lo largo del r\u00edo Cuyuni\u00bb.<\/p>\n\n\n\n<p>Venezuela y Guyana mantienen una disputa centenaria por los 160 mil km2 de la regi\u00f3n del Esequibo, que se recrudeci\u00f3 en 2015 tras el descubrimiento de yacimientos petroleros por parte de ExxonMobil.<\/p>\n\n\n\n<p>Guyana defiende un laudo de 1899 firmado en Par\u00eds que fij\u00f3 las fronteras actuales y el gobierno del presidente Irfaan Ali pidi\u00f3 a la Corte Internacional de Justicia (CIJ) ratificarlo.<\/p>\n\n\n\n<p>Venezuela, que rechaza la jurisdicci\u00f3n de ese organismo en el caso, apela a un acuerdo firmado en 1966 con Reino Unido antes de la independencia guyanesa, que anulaba ese laudo y sentaba bases para una soluci\u00f3n negociada.<br><strong><em>ET \/ EFE<\/em><\/strong><\/p>\n\n\n\n<p><\/p>\n","protected":false},"excerpt":{"rendered":"<p>ENTRE TORMENTAS. Guyana denunci\u00f3 este jueves 15 de mayo tres presuntos ataques de civiles armados&#8230;<\/p>\n","protected":false},"author":2,"featured_media":16716,"comment_status":"closed","ping_status":"open","sticky":false,"template":"","format":"standard","meta":{"footnotes":""},"categories":[56,48],"tags":[],"class_list":["post-16714","post","type-post","status-publish","format-standard","has-post-thumbnail","hentry","category-destacadas","category-internacionales"],"_links":{"self":[{"href":"https:\/\/entretormentas.com\/index.php?rest_route=\/wp\/v2\/posts\/16714","targetHints":{"allow":["GET"]}}],"collection":[{"href":"https:\/\/entretormentas.com\/index.php?rest_route=\/wp\/v2\/posts"}],"about":[{"href":"https:\/\/entretormentas.com\/index.php?rest_route=\/wp\/v2\/types\/post"}],"author":[{"embeddable":true,"href":"https:\/\/entretormentas.com\/index.php?rest_route=\/wp\/v2\/users\/2"}],"replies":[{"embeddable":true,"href":"https:\/\/entretormentas.com\/index.php?rest_route=%2Fwp%2Fv2%2Fcomments&post=16714"}],"version-history":[{"count":1,"href":"https:\/\/entretormentas.com\/index.php?rest_route=\/wp\/v2\/posts\/16714\/revisions"}],"predecessor-version":[{"id":16717,"href":"https:\/\/entretormentas.com\/index.php?rest_route=\/wp\/v2\/posts\/16714\/revisions\/16717"}],"wp:featuredmedia":[{"embeddable":true,"href":"https:\/\/entretormentas.com\/index.php?rest_route=\/wp\/v2\/media\/16716"}],"wp:attachment":[{"href":"https:\/\/entretormentas.com\/index.php?rest_route=%2Fwp%2Fv2%2Fmedia&parent=16714"}],"wp:term":[{"taxonomy":"category","embeddable":true,"href":"https:\/\/entretormentas.com\/index.php?rest_route=%2Fwp%2Fv2%2Fcategories&post=16714"},{"taxonomy":"post_tag","embeddable":true,"href":"https:\/\/entretormentas.com\/index.php?rest_route=%2Fwp%2Fv2%2Ftags&post=16714"}],"curies":[{"name":"wp","href":"https:\/\/api.w.org\/{rel}","templated":true}]}}