{"id":16722,"date":"2025-05-17T10:57:31","date_gmt":"2025-05-17T08:57:31","guid":{"rendered":"https:\/\/entretormentas.com\/?p=16722"},"modified":"2025-05-17T10:57:32","modified_gmt":"2025-05-17T08:57:32","slug":"a-traves-de-la-direccion-de-ambiente-alcaldia-beneficia-a-mas-de-68-mil-ciudadanos-en-san-francisco","status":"publish","type":"post","link":"https:\/\/entretormentas.com\/a-traves-de-la-direccion-de-ambiente-alcaldia-beneficia-a-mas-de-68-mil-ciudadanos-en-san-francisco\/","title":{"rendered":"\u00a1A TRAV\u00c9S DE LA DIRECCI\u00d3N DE AMBIENTE! Alcald\u00eda beneficia a m\u00e1s de 68 mil ciudadanos en San Francisco"},"content":{"rendered":"\n<p><strong>ENTRE TORMENTAS. <\/strong>La alcald\u00eda de San Francisco, contin\u00faa redoblando esfuerzos con el fin de higienizar los espacios p\u00fablicos de las siete parroquias del municipio sure\u00f1o, como parte de las prioridades de la gesti\u00f3n del alcalde Gustavo Fern\u00e1ndez, a trav\u00e9s de la gerencia del Instituto P\u00fablico Municipal de Ambiente y Aseo Urbano (Imasur).<\/p>\n\n\n\n<p>La direcci\u00f3n de Saneamiento Ambiental de Imasur, present\u00f3 en los primeros meses del a\u00f1o, un balance satisfactorio con respecto a las intervenciones realizadas en diversos espacios del municipio San Francisco, en donde se han beneficiado 68.410 ciudadanos mediante diferentes actividades propias de esta direcci\u00f3n.<\/p>\n\n\n\n<p>El servicio de saneamiento ambiental fue desplegado en unos mil 600 kil\u00f3metros a trav\u00e9s de seis mil 900 jornadas, distribuidas en diversos sectores, en donde se recolectaron mil deporta y 176 toneladas de residuos, desechos s\u00f3lidos y vegetales, seg\u00fan las estad\u00edsticas presentadas por la direcci\u00f3n de Saneamiento Ambiental de Imasur.<\/p>\n\n\n\n<figure class=\"wp-block-image size-large\"><img fetchpriority=\"high\" decoding=\"async\" width=\"1024\" height=\"768\" src=\"https:\/\/entretormentas.com\/wp-content\/uploads\/2025\/05\/ambiente2-1024x768.jpeg\" alt=\"\" class=\"wp-image-16723\" srcset=\"https:\/\/entretormentas.com\/wp-content\/uploads\/2025\/05\/ambiente2-1024x768.jpeg 1024w, https:\/\/entretormentas.com\/wp-content\/uploads\/2025\/05\/ambiente2-300x225.jpeg 300w, https:\/\/entretormentas.com\/wp-content\/uploads\/2025\/05\/ambiente2-768x576.jpeg 768w, https:\/\/entretormentas.com\/wp-content\/uploads\/2025\/05\/ambiente2.jpeg 1080w\" sizes=\"(max-width: 1024px) 100vw, 1024px\" \/><\/figure>\n\n\n\n<p>Adem\u00e1s, se realizaron 672 jornadas de poda y tala a lo largo y ancho del municipio, sum\u00e1ndole a esta gesti\u00f3n 48 jornadas de fumigaci\u00f3n, 23 jornadas de abatizaci\u00f3n incluyendo sectores, iglesias, escuelas y ambulatorios. Aunado a esto, es importante mencionar que se realizaron 4 operativos especiales de saneamiento de las costas del Lago de Maracaibo.<\/p>\n\n\n\n<p>Las jornadas y operativos realizadas por el equipo de Imasur, a trav\u00e9s de sus diferentes direcciones, se encuentran activas durante todo el a\u00f1o en el municipio San Francisco, est\u00e1s acciones se ejecutan con el objetivo de brindarles respuestas inmediatas a todos los sanfranciscanos por parte de la gesti\u00f3n municipal del alcalde Gustavo Fern\u00e1ndez.<br><strong><em>ET \/ Alcald\u00eda de San Francisco<\/em><\/strong><\/p>\n","protected":false},"excerpt":{"rendered":"<p>ENTRE TORMENTAS. La alcald\u00eda de San Francisco, contin\u00faa redoblando esfuerzos con el fin de higienizar&#8230;<\/p>\n","protected":false},"author":2,"featured_media":16724,"comment_status":"closed","ping_status":"open","sticky":false,"template":"","format":"standard","meta":{"footnotes":""},"categories":[57,1],"tags":[],"class_list":["post-16722","post","type-post","status-publish","format-standard","has-post-thumbnail","hentry","category-actualidad","category-regionales"],"_links":{"self":[{"href":"https:\/\/entretormentas.com\/index.php?rest_route=\/wp\/v2\/posts\/16722","targetHints":{"allow":["GET"]}}],"collection":[{"href":"https:\/\/entretormentas.com\/index.php?rest_route=\/wp\/v2\/posts"}],"about":[{"href":"https:\/\/entretormentas.com\/index.php?rest_route=\/wp\/v2\/types\/post"}],"author":[{"embeddable":true,"href":"https:\/\/entretormentas.com\/index.php?rest_route=\/wp\/v2\/users\/2"}],"replies":[{"embeddable":true,"href":"https:\/\/entretormentas.com\/index.php?rest_route=%2Fwp%2Fv2%2Fcomments&post=16722"}],"version-history":[{"count":1,"href":"https:\/\/entretormentas.com\/index.php?rest_route=\/wp\/v2\/posts\/16722\/revisions"}],"predecessor-version":[{"id":16725,"href":"https:\/\/entretormentas.com\/index.php?rest_route=\/wp\/v2\/posts\/16722\/revisions\/16725"}],"wp:featuredmedia":[{"embeddable":true,"href":"https:\/\/entretormentas.com\/index.php?rest_route=\/wp\/v2\/media\/16724"}],"wp:attachment":[{"href":"https:\/\/entretormentas.com\/index.php?rest_route=%2Fwp%2Fv2%2Fmedia&parent=16722"}],"wp:term":[{"taxonomy":"category","embeddable":true,"href":"https:\/\/entretormentas.com\/index.php?rest_route=%2Fwp%2Fv2%2Fcategories&post=16722"},{"taxonomy":"post_tag","embeddable":true,"href":"https:\/\/entretormentas.com\/index.php?rest_route=%2Fwp%2Fv2%2Ftags&post=16722"}],"curies":[{"name":"wp","href":"https:\/\/api.w.org\/{rel}","templated":true}]}}