{"id":16726,"date":"2025-05-17T11:01:11","date_gmt":"2025-05-17T09:01:11","guid":{"rendered":"https:\/\/entretormentas.com\/?p=16726"},"modified":"2025-05-17T11:01:11","modified_gmt":"2025-05-17T09:01:11","slug":"por-el-mes-de-las-madres-la-calle-carabobo-tendra-nueva-edicion-de-noche-de-retreta","status":"publish","type":"post","link":"https:\/\/entretormentas.com\/por-el-mes-de-las-madres-la-calle-carabobo-tendra-nueva-edicion-de-noche-de-retreta\/","title":{"rendered":"\u00a1POR EL MES DE LAS MADRES! La Calle Carabobo tendr\u00e1 nueva edici\u00f3n de Noche de Retreta"},"content":{"rendered":"\n<p><strong>ENTRE TORMENTAS.<\/strong> La tradicional Noche de Retreta, organizada por la Alcald\u00eda de Maracaibo a trav\u00e9s de la Direcci\u00f3n de Turismo, regresa este pr\u00f3ximo 17 de mayo a la emblem\u00e1tica Calle Carabobo por la celebraci\u00f3n del mes de las madres.<\/p>\n\n\n\n<p>En esta ocasi\u00f3n, los presenten tendr\u00e1n un encuentro lleno de alegr\u00eda y ritmo en compa\u00f1\u00eda de familiares y amigos a partir de las 7:00 de la noche. Esta nueva edici\u00f3n contar\u00e1 con la participaci\u00f3n de la escuela de gaita Heriberto Molina, del Instituto Municipal de la Gaita Ricardo Aguirre (IMGRA), adem\u00e1s de la presentaci\u00f3n de Alberto Fereira y su Orqueta.<\/p>\n\n\n\n<figure class=\"wp-block-image size-large\"><img fetchpriority=\"high\" decoding=\"async\" width=\"1024\" height=\"683\" src=\"https:\/\/entretormentas.com\/wp-content\/uploads\/2025\/05\/retretaa2-1024x683.jpeg\" alt=\"\" class=\"wp-image-16727\" srcset=\"https:\/\/entretormentas.com\/wp-content\/uploads\/2025\/05\/retretaa2-1024x683.jpeg 1024w, https:\/\/entretormentas.com\/wp-content\/uploads\/2025\/05\/retretaa2-300x200.jpeg 300w, https:\/\/entretormentas.com\/wp-content\/uploads\/2025\/05\/retretaa2-768x512.jpeg 768w, https:\/\/entretormentas.com\/wp-content\/uploads\/2025\/05\/retretaa2.jpeg 1280w\" sizes=\"(max-width: 1024px) 100vw, 1024px\" \/><\/figure>\n\n\n\n<p>Adem\u00e1s, esta Noche de Retreta contar\u00e1 con karaoke con una premiaci\u00f3n para quienes deseen participar en las interpretaciones. Durante la velada, todas las familias marabinas que asistan se deleitar\u00e1n con un ambiente para compartir y a su vez disfrutar de la buena m\u00fasica, tambi\u00e9n se dispondr\u00e1 de actividades para los m\u00e1s peque\u00f1os de la casa.<\/p>\n\n\n\n<p>Juan Urdaneta, director de Turismo, reiter\u00f3 que en esta edici\u00f3n los marabinos tendr\u00e1n la opci\u00f3n del karaoke que les permitir\u00e1 obtener premios por su participaci\u00f3n.<\/p>\n\n\n\n<p>Esta s\u00e9ptima edici\u00f3n de Noche de Retreta contar\u00e1 con el patrocinio de empresas Polar, marca que desde el d\u00eda uno presta todo su apoyo para el desarrollo de esta actividad que es un espacio de esparcimiento para las familias. Otra marca patrocinadora es Lilian Spa.<br><strong><em>ET \/ DCI Alcald\u00eda de Maracaibo<\/em><\/strong><\/p>\n","protected":false},"excerpt":{"rendered":"<p>ENTRE TORMENTAS. La tradicional Noche de Retreta, organizada por la Alcald\u00eda de Maracaibo a trav\u00e9s&#8230;<\/p>\n","protected":false},"author":2,"featured_media":16728,"comment_status":"closed","ping_status":"open","sticky":false,"template":"","format":"standard","meta":{"footnotes":""},"categories":[57,1],"tags":[],"class_list":["post-16726","post","type-post","status-publish","format-standard","has-post-thumbnail","hentry","category-actualidad","category-regionales"],"_links":{"self":[{"href":"https:\/\/entretormentas.com\/index.php?rest_route=\/wp\/v2\/posts\/16726","targetHints":{"allow":["GET"]}}],"collection":[{"href":"https:\/\/entretormentas.com\/index.php?rest_route=\/wp\/v2\/posts"}],"about":[{"href":"https:\/\/entretormentas.com\/index.php?rest_route=\/wp\/v2\/types\/post"}],"author":[{"embeddable":true,"href":"https:\/\/entretormentas.com\/index.php?rest_route=\/wp\/v2\/users\/2"}],"replies":[{"embeddable":true,"href":"https:\/\/entretormentas.com\/index.php?rest_route=%2Fwp%2Fv2%2Fcomments&post=16726"}],"version-history":[{"count":1,"href":"https:\/\/entretormentas.com\/index.php?rest_route=\/wp\/v2\/posts\/16726\/revisions"}],"predecessor-version":[{"id":16729,"href":"https:\/\/entretormentas.com\/index.php?rest_route=\/wp\/v2\/posts\/16726\/revisions\/16729"}],"wp:featuredmedia":[{"embeddable":true,"href":"https:\/\/entretormentas.com\/index.php?rest_route=\/wp\/v2\/media\/16728"}],"wp:attachment":[{"href":"https:\/\/entretormentas.com\/index.php?rest_route=%2Fwp%2Fv2%2Fmedia&parent=16726"}],"wp:term":[{"taxonomy":"category","embeddable":true,"href":"https:\/\/entretormentas.com\/index.php?rest_route=%2Fwp%2Fv2%2Fcategories&post=16726"},{"taxonomy":"post_tag","embeddable":true,"href":"https:\/\/entretormentas.com\/index.php?rest_route=%2Fwp%2Fv2%2Ftags&post=16726"}],"curies":[{"name":"wp","href":"https:\/\/api.w.org\/{rel}","templated":true}]}}