{"id":16736,"date":"2025-05-17T11:09:37","date_gmt":"2025-05-17T09:09:37","guid":{"rendered":"https:\/\/entretormentas.com\/?p=16736"},"modified":"2025-05-17T11:09:38","modified_gmt":"2025-05-17T09:09:38","slug":"justicia-empresarial-alcalde-gustavo-fernandez-devuelve-suplivenca-a-sus-propietarios","status":"publish","type":"post","link":"https:\/\/entretormentas.com\/justicia-empresarial-alcalde-gustavo-fernandez-devuelve-suplivenca-a-sus-propietarios\/","title":{"rendered":"\u00a1JUSTICIA EMPRESARIAL! Alcalde Gustavo Fern\u00e1ndez devuelve Suplivenca a sus propietarios"},"content":{"rendered":"\n<p><strong>ENTRE TORMENTAS. <\/strong>Propietarios de Suplivenca, recibieron formalmente esta empresa que desde el a\u00f1o 2010 hab\u00eda cesado su actividad. La entrega la hizo Eduardo Parra, S\u00edndico Procurador Municipal; en<br>nombre del alcalde Gustavo Fern\u00e1ndez, primera autoridad civil del municipio San Francisco, como parte de su prop\u00f3sito de fortalecer el desarrollo econ\u00f3mico en la jurisdicci\u00f3n.<\/p>\n\n\n\n<p>En el acto de entrega realizado en las instalaciones de empresa ubicada en la calle 149B de la Zona Industrial, estaban presentes los representantes legales de Suplivenca y el equipo jur\u00eddico de la alcald\u00eda, entre ellos Emilia Viera, consultora jur\u00eddica del despacho; Robin Rodr\u00edguez, Kendrina Torres entre otros miembros del tren gerencial.<\/p>\n\n\n\n<figure class=\"wp-block-image size-large\"><img fetchpriority=\"high\" decoding=\"async\" width=\"1024\" height=\"682\" src=\"https:\/\/entretormentas.com\/wp-content\/uploads\/2025\/05\/suplivenca2-1024x682.jpeg\" alt=\"\" class=\"wp-image-16737\" srcset=\"https:\/\/entretormentas.com\/wp-content\/uploads\/2025\/05\/suplivenca2-1024x682.jpeg 1024w, https:\/\/entretormentas.com\/wp-content\/uploads\/2025\/05\/suplivenca2-300x200.jpeg 300w, https:\/\/entretormentas.com\/wp-content\/uploads\/2025\/05\/suplivenca2-768x512.jpeg 768w, https:\/\/entretormentas.com\/wp-content\/uploads\/2025\/05\/suplivenca2.jpeg 1280w\" sizes=\"(max-width: 1024px) 100vw, 1024px\" \/><\/figure>\n\n\n\n<p>Eduardo Parra refiri\u00f3 que \u201ccon el alcalde Gustavo Fern\u00e1ndez y el gobernador Manuel Rosales, hacemos una entrega formal a los representantes legales y de esta forma celebrar que en nuestro municipio se rescata y se reintegra el derecho a la propiedad privada. Bendecimos a esta empresa en el nombre de Dios. Que Dios nos siga ayudando\u201d, concluy\u00f3 el Sindico Municipal.<\/p>\n\n\n\n<p>Cabe destacar que Suplivenca con m\u00e1s de dos d\u00e9cadas en el mercado es una empresa venezolana, especializada en la fabricaci\u00f3n de piezas vulcanizadas, as\u00ed como repuestos para la industria cervecera, refresquera, petrolera, hidrol\u00f3gica, l\u00e1ctea y automotriz, que desde la Zona Industrial hace su aporte al desarrollo econ\u00f3mico del municipio y representaba una fuente de empleo para sus ciudadanos.<br><strong><em>ET \/ Alcald\u00eda de San Francisco<\/em><\/strong><\/p>\n","protected":false},"excerpt":{"rendered":"<p>ENTRE TORMENTAS. Propietarios de Suplivenca, recibieron formalmente esta empresa que desde el a\u00f1o 2010 hab\u00eda&#8230;<\/p>\n","protected":false},"author":2,"featured_media":16738,"comment_status":"closed","ping_status":"open","sticky":false,"template":"","format":"standard","meta":{"footnotes":""},"categories":[57,1],"tags":[],"class_list":["post-16736","post","type-post","status-publish","format-standard","has-post-thumbnail","hentry","category-actualidad","category-regionales"],"_links":{"self":[{"href":"https:\/\/entretormentas.com\/index.php?rest_route=\/wp\/v2\/posts\/16736","targetHints":{"allow":["GET"]}}],"collection":[{"href":"https:\/\/entretormentas.com\/index.php?rest_route=\/wp\/v2\/posts"}],"about":[{"href":"https:\/\/entretormentas.com\/index.php?rest_route=\/wp\/v2\/types\/post"}],"author":[{"embeddable":true,"href":"https:\/\/entretormentas.com\/index.php?rest_route=\/wp\/v2\/users\/2"}],"replies":[{"embeddable":true,"href":"https:\/\/entretormentas.com\/index.php?rest_route=%2Fwp%2Fv2%2Fcomments&post=16736"}],"version-history":[{"count":1,"href":"https:\/\/entretormentas.com\/index.php?rest_route=\/wp\/v2\/posts\/16736\/revisions"}],"predecessor-version":[{"id":16739,"href":"https:\/\/entretormentas.com\/index.php?rest_route=\/wp\/v2\/posts\/16736\/revisions\/16739"}],"wp:featuredmedia":[{"embeddable":true,"href":"https:\/\/entretormentas.com\/index.php?rest_route=\/wp\/v2\/media\/16738"}],"wp:attachment":[{"href":"https:\/\/entretormentas.com\/index.php?rest_route=%2Fwp%2Fv2%2Fmedia&parent=16736"}],"wp:term":[{"taxonomy":"category","embeddable":true,"href":"https:\/\/entretormentas.com\/index.php?rest_route=%2Fwp%2Fv2%2Fcategories&post=16736"},{"taxonomy":"post_tag","embeddable":true,"href":"https:\/\/entretormentas.com\/index.php?rest_route=%2Fwp%2Fv2%2Ftags&post=16736"}],"curies":[{"name":"wp","href":"https:\/\/api.w.org\/{rel}","templated":true}]}}