{"id":16743,"date":"2025-05-17T11:21:40","date_gmt":"2025-05-17T09:21:40","guid":{"rendered":"https:\/\/entretormentas.com\/?p=16743"},"modified":"2025-05-17T12:47:12","modified_gmt":"2025-05-17T10:47:12","slug":"en-san-francisco-poder-popular-de-marcial-hernandez-y-domitila-flores-garantiza-el-triunfo-de-luis-caldera","status":"publish","type":"post","link":"https:\/\/entretormentas.com\/en-san-francisco-poder-popular-de-marcial-hernandez-y-domitila-flores-garantiza-el-triunfo-de-luis-caldera\/","title":{"rendered":"\u00a1EN SAN FRANCISCO! Poder Popular de Marcial Hern\u00e1ndez y Domitila Flores garantiza el triunfo de Luis Caldera"},"content":{"rendered":"\n<p><strong>ENTRE TORMENTAS.<\/strong> En encuentros realizados en las las parroquias Marcial Hern\u00e1ndez y Domitila Flores del municipio San Francisco, el Poder Popular de esos territorios parroquiales le garantizaron su voto al candidato Luis Caldera, para su triunfo el pr\u00f3ximo 25 de mayo en las elecciones para gobernador.<\/p>\n\n\n\n<p>Este viernes 16 de mayo, Caldera sostuvo encuentros con el Poder Popular en cada una de las parroquias mencionadas, donde estuvieron presentes jefes y jefas de comunidad, de calle y las UBCH, que permanecen en la calle buscando el voto en jornadas casa a casa, cara a cara, presentando la propuesta del candidato del Gran Polo Patri\u00f3tico Sim\u00f3n Bol\u00edvar (GPPSB) de ejercer un gobierno de puertas abiertas para el pueblo y con el pueblo<\/p>\n\n\n\n<figure class=\"wp-block-image size-large\"><img fetchpriority=\"high\" decoding=\"async\" width=\"1024\" height=\"683\" src=\"https:\/\/entretormentas.com\/wp-content\/uploads\/2025\/05\/lcsf2-1024x683.jpeg\" alt=\"\" class=\"wp-image-16744\" srcset=\"https:\/\/entretormentas.com\/wp-content\/uploads\/2025\/05\/lcsf2-1024x683.jpeg 1024w, https:\/\/entretormentas.com\/wp-content\/uploads\/2025\/05\/lcsf2-300x200.jpeg 300w, https:\/\/entretormentas.com\/wp-content\/uploads\/2025\/05\/lcsf2-768x512.jpeg 768w, https:\/\/entretormentas.com\/wp-content\/uploads\/2025\/05\/lcsf2.jpeg 1280w\" sizes=\"(max-width: 1024px) 100vw, 1024px\" \/><\/figure>\n\n\n\n<p>\u201cNos encontramos con los jefes y jefas de calle, de comunidad, con las UBCH, para consolidar el mensaje del Zulia grande, del Zulia bueno, el mensaje de unidad para combatir la ausencia, la excusa y la divisi\u00f3n\u201d, destac\u00f3 Caldera.<\/p>\n\n\n\n<p>En la parroquia Marcial Hern\u00e1ndez, la l\u00edder de calle Isabel Rojas, cont\u00f3 que todos los l\u00edderes de comunidad de esta populosa parroquia sanfranciscana est\u00e1 organizada para la gran victoria de Caldera, abordando el 1&#215;10, haciendo visitas de casa en casa y convenciendo a la gente de la mejor propuesta para el estado y para la gente.<\/p>\n\n\n\n<figure class=\"wp-block-image size-large\"><img decoding=\"async\" width=\"1024\" height=\"683\" src=\"https:\/\/entretormentas.com\/wp-content\/uploads\/2025\/05\/lcsf3-1024x683.jpeg\" alt=\"\" class=\"wp-image-16745\" srcset=\"https:\/\/entretormentas.com\/wp-content\/uploads\/2025\/05\/lcsf3-1024x683.jpeg 1024w, https:\/\/entretormentas.com\/wp-content\/uploads\/2025\/05\/lcsf3-300x200.jpeg 300w, https:\/\/entretormentas.com\/wp-content\/uploads\/2025\/05\/lcsf3-768x512.jpeg 768w, https:\/\/entretormentas.com\/wp-content\/uploads\/2025\/05\/lcsf3.jpeg 1280w\" sizes=\"(max-width: 1024px) 100vw, 1024px\" \/><\/figure>\n\n\n\n<p>Tambi\u00e9n de la parroquia Marcial Hern\u00e1ndez, Maylin Urdaneta, l\u00edder de calle y delegada ind\u00edgena, indic\u00f3 que trabajan de forma ardua e impecable a favor de Caldera, quien es \u201cun hombre humilde, entregado a su pueblo y m\u00e1s que todo a su pueblo ind\u00edgena, por el que siempre est\u00e1 preocupado\u201d.<\/p>\n\n\n\n<p>\u201cMe siento orgullosa de que un candidato ind\u00edgena como yo, nos represente en el gobierno regional. \u00c9l es de sangre ind\u00edgena y sabe c\u00f3mo somos nosotros, nuestras costumbres, nuestras tradiciones y lo que realmente somos como pueblo ind\u00edgena. Estamos convencidos de que \u00e9l va a ser nuestro gobernador, porque \u00e9l es de verdad, es del pueblo y para el pueblo\u201d, remat\u00f3 la lidereza.<\/p>\n\n\n\n<p>En la jornada realizada en la parroquia Domitila Flores, Marbella Florviese Corocopeya, asegur\u00f3 que est\u00e1n organizados con una movilizaci\u00f3n s\u00f3lida y, acentu\u00f3, \u201ccon lo mejor del mundo que tiene el venezolano con un coraz\u00f3n honesto, sincero y amoroso por su patria\u201d.<\/p>\n\n\n\n<figure class=\"wp-block-image size-large\"><img decoding=\"async\" width=\"1024\" height=\"683\" src=\"https:\/\/entretormentas.com\/wp-content\/uploads\/2025\/05\/lcsf4-1024x683.jpeg\" alt=\"\" class=\"wp-image-16746\" srcset=\"https:\/\/entretormentas.com\/wp-content\/uploads\/2025\/05\/lcsf4-1024x683.jpeg 1024w, https:\/\/entretormentas.com\/wp-content\/uploads\/2025\/05\/lcsf4-300x200.jpeg 300w, https:\/\/entretormentas.com\/wp-content\/uploads\/2025\/05\/lcsf4-768x512.jpeg 768w, https:\/\/entretormentas.com\/wp-content\/uploads\/2025\/05\/lcsf4.jpeg 1280w\" sizes=\"(max-width: 1024px) 100vw, 1024px\" \/><\/figure>\n\n\n\n<p>\u201cLuis el candidato y dentro de pocos d\u00edas el gobernador, ha cobrado fuerza en las comunidades porque tiene la moral, la \u00e9tica en ejercicio. Es su pr\u00e1ctica constante y lo demostr\u00f3 en el municipio Mara mucho antes de ser alcalde, cuando atend\u00eda a nuestras madres a nuestros ni\u00f1os en el Senifa. Tiene piso s\u00f3lido en la familia zuliana, en el pueblo y all\u00ed la emoci\u00f3n y efervescencia del pueblo\u201d, argument\u00f3.<\/p>\n\n\n\n<p>Mientras tanto, la lideresa de la comunidad 14 de Abril , Zulay M\u00e1rquez, afirm\u00f3 que en su casa a casa, hombres y mujeres que han adversado al gobierno Bolivariano, est\u00e1n convencidos que Caldera es la opci\u00f3n para el Zulia, por lo que saldr\u00e1n a darles el voto al candidato del GPPSB.<\/p>\n\n\n\n<p>Por su parte, Ingrid Zambrano, lideresa de la comunidad 24 de Julio, asegur\u00f3: \u201cGarantizamos la victoria con la movilizaci\u00f3n desde bien temprano, para obtener ese triunfo que nosotros queremos para el estado Zulia, que est\u00e1 en tener un gobernador honesto, sencillo, humilde, leal con su gente, con los ind\u00edgenas, con los comuneros, con la juventud, con el adulto mayor, los trabajadores, los estudiantes, los emprendedores, los productores, con todos los zulianos\u201d.<br><strong><em>ET \/ Prensa PSUV Zulia<\/em><\/strong><\/p>\n\n\n\n<p><\/p>\n","protected":false},"excerpt":{"rendered":"<p>ENTRE TORMENTAS. En encuentros realizados en las las parroquias Marcial Hern\u00e1ndez y Domitila Flores del&#8230;<\/p>\n","protected":false},"author":2,"featured_media":16747,"comment_status":"closed","ping_status":"open","sticky":false,"template":"","format":"standard","meta":{"footnotes":""},"categories":[57,1],"tags":[],"class_list":["post-16743","post","type-post","status-publish","format-standard","has-post-thumbnail","hentry","category-actualidad","category-regionales"],"_links":{"self":[{"href":"https:\/\/entretormentas.com\/index.php?rest_route=\/wp\/v2\/posts\/16743","targetHints":{"allow":["GET"]}}],"collection":[{"href":"https:\/\/entretormentas.com\/index.php?rest_route=\/wp\/v2\/posts"}],"about":[{"href":"https:\/\/entretormentas.com\/index.php?rest_route=\/wp\/v2\/types\/post"}],"author":[{"embeddable":true,"href":"https:\/\/entretormentas.com\/index.php?rest_route=\/wp\/v2\/users\/2"}],"replies":[{"embeddable":true,"href":"https:\/\/entretormentas.com\/index.php?rest_route=%2Fwp%2Fv2%2Fcomments&post=16743"}],"version-history":[{"count":1,"href":"https:\/\/entretormentas.com\/index.php?rest_route=\/wp\/v2\/posts\/16743\/revisions"}],"predecessor-version":[{"id":16748,"href":"https:\/\/entretormentas.com\/index.php?rest_route=\/wp\/v2\/posts\/16743\/revisions\/16748"}],"wp:featuredmedia":[{"embeddable":true,"href":"https:\/\/entretormentas.com\/index.php?rest_route=\/wp\/v2\/media\/16747"}],"wp:attachment":[{"href":"https:\/\/entretormentas.com\/index.php?rest_route=%2Fwp%2Fv2%2Fmedia&parent=16743"}],"wp:term":[{"taxonomy":"category","embeddable":true,"href":"https:\/\/entretormentas.com\/index.php?rest_route=%2Fwp%2Fv2%2Fcategories&post=16743"},{"taxonomy":"post_tag","embeddable":true,"href":"https:\/\/entretormentas.com\/index.php?rest_route=%2Fwp%2Fv2%2Ftags&post=16743"}],"curies":[{"name":"wp","href":"https:\/\/api.w.org\/{rel}","templated":true}]}}