{"id":16752,"date":"2025-05-17T11:30:40","date_gmt":"2025-05-17T09:30:40","guid":{"rendered":"https:\/\/entretormentas.com\/?p=16752"},"modified":"2025-05-17T11:30:40","modified_gmt":"2025-05-17T09:30:40","slug":"preocupante-abogados-denuncian-presuntas-torturas-a-migrantes-venezolanos-detenidos-en-el-salvador","status":"publish","type":"post","link":"https:\/\/entretormentas.com\/preocupante-abogados-denuncian-presuntas-torturas-a-migrantes-venezolanos-detenidos-en-el-salvador\/","title":{"rendered":"\u00a1PREOCUPANTE! Abogados denuncian presuntas torturas a migrantes venezolanos detenidos en El Salvador"},"content":{"rendered":"\n<p><strong>ENTRE TORMENTAS.<\/strong> Los 252 migrantes venezolanos deportados por el gobierno de Donald Trump y detenidos desde hace dos meses en El Salvador estar\u00edan siendo v\u00edctimas de torturas f\u00edsicas y morales, denunciaron este viernes sus abogados defensores, contratados por el gobierno de Nicol\u00e1s Maduro.<\/p>\n\n\n\n<p>Desde el 16 de marzo, los migrantes est\u00e1n recluidos en el Centro de Confinamiento del Terrorismo (Cecot), una megac\u00e1rcel construida por el gobierno de Nayib Bukele para pandilleros, sin acceso a visitas, sin proceso judicial y sin confirmaci\u00f3n oficial de su identidad o estado de salud.<\/p>\n\n\n\n<p>\u201cLos est\u00e1n tratando como vulgares delincuentes. Los han rapado, encadenado y disfrazado. Eso es tortura\u201d, declar\u00f3 el abogado Salvador R\u00edos en una entrevista.<\/p>\n\n\n\n<figure class=\"wp-block-image size-full\"><img fetchpriority=\"high\" decoding=\"async\" width=\"730\" height=\"524\" src=\"https:\/\/entretormentas.com\/wp-content\/uploads\/2025\/05\/abog2.jpeg\" alt=\"\" class=\"wp-image-16753\" srcset=\"https:\/\/entretormentas.com\/wp-content\/uploads\/2025\/05\/abog2.jpeg 730w, https:\/\/entretormentas.com\/wp-content\/uploads\/2025\/05\/abog2-300x215.jpeg 300w\" sizes=\"(max-width: 730px) 100vw, 730px\" \/><\/figure>\n\n\n\n<p><strong>RECURSO SIN RESPUESTAS<\/strong><br>El bufete Grupo Ortega, que representa a los migrantes, present\u00f3 un recurso de habeas corpus ante la Corte Suprema de El Salvador el 24 de marzo para exigir su liberaci\u00f3n. La solicitud, que incluye a 30 casos espec\u00edficos y se extiende al resto, no ha recibido respuesta hasta ahora.<\/p>\n\n\n\n<p>Adem\u00e1s, los abogados entregaron una carta formal al presidente Bukele pidiendo autorizaci\u00f3n para entrevistarse con los detenidos \u2014presencial o virtualmente\u2014 y obtener una \u201cprueba de vida\u201d. Tampoco hubo respuesta del Ejecutivo.<\/p>\n\n\n\n<p>\u201cHa sido como luchar contra molinos de viento\u201d, expres\u00f3 R\u00edos. \u201cNo hay proceso, no hay contacto, no hay nombres. Es detenci\u00f3n ilegal\u201d, agreg\u00f3 Isael Guerrero, otro de los abogados del caso.<\/p>\n\n\n\n<p><strong>CASO VENEZOLANO<\/strong><br>Los migrantes venezolanos fueron expulsados de Estados Unidos bajo la Ley de Enemigos Extranjeros de 1798, una norma usada en contextos b\u00e9licos, y vinculados sin pruebas por el expresidente Trump con el Tren de Aragua, una organizaci\u00f3n criminal.<\/p>\n\n\n\n<p>Sin embargo, ni uno solo de los detenidos tiene procesos judiciales activos en EE UU, y seg\u00fan el bufete defensor contratado por Maduro, todos son migrantes sin antecedentes penales.<\/p>\n\n\n\n<p>\u201cTrump los deport\u00f3 sin debido proceso y Bukele los encarcel\u00f3 sin juicio\u201d, sintetiz\u00f3 el abogado Jaime Ortega, jefe del equipo legal.<\/p>\n\n\n\n<figure class=\"wp-block-image size-full\"><img decoding=\"async\" width=\"480\" height=\"270\" src=\"https:\/\/entretormentas.com\/wp-content\/uploads\/2025\/05\/abog3.jpeg\" alt=\"\" class=\"wp-image-16754\" srcset=\"https:\/\/entretormentas.com\/wp-content\/uploads\/2025\/05\/abog3.jpeg 480w, https:\/\/entretormentas.com\/wp-content\/uploads\/2025\/05\/abog3-300x169.jpeg 300w\" sizes=\"(max-width: 480px) 100vw, 480px\" \/><\/figure>\n\n\n\n<p>El gobierno de Maduro calific\u00f3 de c\u00ednica la propuesta del presidente Bukele de canjear a los 252 migrantes por presos pol\u00edticos venezolanos, realizada en abril.<\/p>\n\n\n\n<p>El caso tambi\u00e9n despert\u00f3 alarma internacional. El Alto Comisionado de la ONU para los Derechos Humanos expres\u00f3 \u201cserias preocupaciones respecto a los derechos fundamentales\u201d en juego tanto en EE.UU. como en El Salvador.<\/p>\n\n\n\n<p>\u201cLas familias sienten impotencia al ver c\u00f3mo sus seres queridos han sido etiquetados como delincuentes o terroristas, sin proceso ni defensa\u201d, se\u00f1al\u00f3 el organismo.<\/p>\n\n\n\n<p><strong>DEPORTACI\u00d3N ERR\u00d3NEA<\/strong><br>Entre los detenidos hay errores reconocidos por el propio gobierno estadounidense. Uno de ellos, Kilmar Armando \u00c1brego Garc\u00eda, un salvadore\u00f1o con protecci\u00f3n contra la deportaci\u00f3n, fue enviado a la Cecot por equivocaci\u00f3n. Otro, un venezolano identificado como Cristian, fue igualmente deportado pese a estar en situaci\u00f3n regular.<\/p>\n\n\n\n<p>Ambos casos fueron apelados por jueces estadounidenses, sin lograr el retorno de los afectados.<br><strong><em>ET \/ Agencias<\/em><\/strong><\/p>\n\n\n\n<p><\/p>\n","protected":false},"excerpt":{"rendered":"<p>ENTRE TORMENTAS. Los 252 migrantes venezolanos deportados por el gobierno de Donald Trump y detenidos&#8230;<\/p>\n","protected":false},"author":2,"featured_media":16755,"comment_status":"closed","ping_status":"open","sticky":false,"template":"","format":"standard","meta":{"footnotes":""},"categories":[56,49],"tags":[],"class_list":["post-16752","post","type-post","status-publish","format-standard","has-post-thumbnail","hentry","category-destacadas","category-nacionales"],"_links":{"self":[{"href":"https:\/\/entretormentas.com\/index.php?rest_route=\/wp\/v2\/posts\/16752","targetHints":{"allow":["GET"]}}],"collection":[{"href":"https:\/\/entretormentas.com\/index.php?rest_route=\/wp\/v2\/posts"}],"about":[{"href":"https:\/\/entretormentas.com\/index.php?rest_route=\/wp\/v2\/types\/post"}],"author":[{"embeddable":true,"href":"https:\/\/entretormentas.com\/index.php?rest_route=\/wp\/v2\/users\/2"}],"replies":[{"embeddable":true,"href":"https:\/\/entretormentas.com\/index.php?rest_route=%2Fwp%2Fv2%2Fcomments&post=16752"}],"version-history":[{"count":1,"href":"https:\/\/entretormentas.com\/index.php?rest_route=\/wp\/v2\/posts\/16752\/revisions"}],"predecessor-version":[{"id":16756,"href":"https:\/\/entretormentas.com\/index.php?rest_route=\/wp\/v2\/posts\/16752\/revisions\/16756"}],"wp:featuredmedia":[{"embeddable":true,"href":"https:\/\/entretormentas.com\/index.php?rest_route=\/wp\/v2\/media\/16755"}],"wp:attachment":[{"href":"https:\/\/entretormentas.com\/index.php?rest_route=%2Fwp%2Fv2%2Fmedia&parent=16752"}],"wp:term":[{"taxonomy":"category","embeddable":true,"href":"https:\/\/entretormentas.com\/index.php?rest_route=%2Fwp%2Fv2%2Fcategories&post=16752"},{"taxonomy":"post_tag","embeddable":true,"href":"https:\/\/entretormentas.com\/index.php?rest_route=%2Fwp%2Fv2%2Ftags&post=16752"}],"curies":[{"name":"wp","href":"https:\/\/api.w.org\/{rel}","templated":true}]}}