{"id":16789,"date":"2025-05-18T11:47:38","date_gmt":"2025-05-18T09:47:38","guid":{"rendered":"https:\/\/entretormentas.com\/?p=16789"},"modified":"2025-05-18T11:47:39","modified_gmt":"2025-05-18T09:47:39","slug":"ely-ramon-atencio-los-rojos-y-los-azules-tienen-35-anos-gobernando-al-zulia-mientras-los-hospitales-y-escuelas-estan-destruidas","status":"publish","type":"post","link":"https:\/\/entretormentas.com\/ely-ramon-atencio-los-rojos-y-los-azules-tienen-35-anos-gobernando-al-zulia-mientras-los-hospitales-y-escuelas-estan-destruidas\/","title":{"rendered":"ELY RAM\u00d3N ATENCIO: \u00abLos Rojos y los azules tienen 35 a\u00f1os gobernando al Zulia mientras los hospitales y escuelas est\u00e1n destruidas\u00bb"},"content":{"rendered":"\n<p><strong>ENTRE TORMENTAS. <\/strong>Durante su visita en el municipio Santa Rita, el candidato de la Gobernaci\u00f3n del Estado Zulia Ely Ram\u00f3n Atencio, manifest\u00f3 que el Gobierno regional ha estado bajo la conducci\u00f3n de rojos y azules durante los \u00faltimos 35 a\u00f1os desde 1990 y ahora piden cuatro a\u00f1os m\u00e1s para hacer lo que no han podido por las escuelas y centros de salud que se encuentran destruidos.<\/p>\n\n\n\n<p>\u00abVotar por esa formula es votar por lo mismo y votar por Ely Ram\u00f3n Atencio es votar por la esperanza, por un verdadero cambio y por una gesti\u00f3n aprobada que quiero replicar para el Zulia\u00bb, expres\u00f3 Atencio al tiempo que afirm\u00f3 que la gente quiere que se le solucionen los problemas y se terminen las confrontaciones.<\/p>\n\n\n\n<figure class=\"wp-block-image size-large\"><img fetchpriority=\"high\" decoding=\"async\" width=\"1024\" height=\"576\" src=\"https:\/\/entretormentas.com\/wp-content\/uploads\/2025\/05\/erast4-1024x576.jpeg\" alt=\"\" class=\"wp-image-16791\" srcset=\"https:\/\/entretormentas.com\/wp-content\/uploads\/2025\/05\/erast4-1024x576.jpeg 1024w, https:\/\/entretormentas.com\/wp-content\/uploads\/2025\/05\/erast4-300x169.jpeg 300w, https:\/\/entretormentas.com\/wp-content\/uploads\/2025\/05\/erast4-768x432.jpeg 768w, https:\/\/entretormentas.com\/wp-content\/uploads\/2025\/05\/erast4.jpeg 1280w\" sizes=\"(max-width: 1024px) 100vw, 1024px\" \/><\/figure>\n\n\n\n<p>Por su parte, el alcalde santarritense Alenis Guerrero, manifest\u00f3 su firme decisi\u00f3n de apoyar la nueva propuesta de Gobierno para el Zulia expresada en la candidatura de Ely Ram\u00f3n Atencio. \u00abElegimos y no nos cumplieron, por eso necesito un gobernador que le d\u00e9 respuesta a los problemas de Santa Rita\u00bb, expres\u00f3.<\/p>\n\n\n\n<p><strong>D\u00cdA DE LAS MADRES EN LA RITA<\/strong><br>Cientos de mujeres acompa\u00f1aron la actividad que se efectu\u00f3 con motivo de la celebraci\u00f3n del D\u00eda de Las Madres en la Plaza Bol\u00edvar de la ciudad de Santa Rita.<\/p>\n\n\n\n<p>Atencio asisti\u00f3 a la invitaci\u00f3n hecha por alcalde del municipio Santa Rita Alenis Guerrero. para agasajar a las madres de ese ayuntamiento, la noche de este viernes estuvo llena de sorpresas, rifas de cocinas, aires acondicionados. neveras, entre otros.<\/p>\n\n\n\n<figure class=\"wp-block-image size-large\"><img decoding=\"async\" width=\"1024\" height=\"576\" src=\"https:\/\/entretormentas.com\/wp-content\/uploads\/2025\/05\/erast3-1024x576.jpeg\" alt=\"\" class=\"wp-image-16792\" srcset=\"https:\/\/entretormentas.com\/wp-content\/uploads\/2025\/05\/erast3-1024x576.jpeg 1024w, https:\/\/entretormentas.com\/wp-content\/uploads\/2025\/05\/erast3-300x169.jpeg 300w, https:\/\/entretormentas.com\/wp-content\/uploads\/2025\/05\/erast3-768x432.jpeg 768w, https:\/\/entretormentas.com\/wp-content\/uploads\/2025\/05\/erast3.jpeg 1280w\" sizes=\"(max-width: 1024px) 100vw, 1024px\" \/><\/figure>\n\n\n\n<p>El candidato felicit\u00f3 a todas las madres de est\u00e1 localidad y agradeci\u00f3 por el respaldo a su candidatura. Atencio le dijo a Santa Rita \u00abestoy claro que mi gobierno es de inclusi\u00f3n cre\u00f3 profundamente en la descentralizaci\u00f3n y el concepto de la congesti\u00f3n como mecanismo de participaci\u00f3n ciudadana que permita unificar criterios indistintamente de como tu pienses, nos invita a ponernos de acuerdo para encontrar la soluci\u00f3n a los problemas de la gente y seremos nosotros los que daremos el ejemplo siendo Gobernador de \u00e9ste estado, llamar\u00e9 a todos los sectores para que conjuntamente con el gobierno regional hagamos la mesa de trabajo que permitir\u00e1 seleccionar los problemas de mayor impacto en la comunidad para que las finanzas del estado puedan llegar a esos sitios que nunca llegaron, votar por Ely Ram\u00f3n Atencio es votar por la esperanza\u00bb, manifest\u00f3.<br><strong><em>ET \/ Nota de Prensa<\/em><\/strong><\/p>\n","protected":false},"excerpt":{"rendered":"<p>ENTRE TORMENTAS. Durante su visita en el municipio Santa Rita, el candidato de la Gobernaci\u00f3n&#8230;<\/p>\n","protected":false},"author":2,"featured_media":16793,"comment_status":"closed","ping_status":"open","sticky":false,"template":"","format":"standard","meta":{"footnotes":""},"categories":[57,1],"tags":[],"class_list":["post-16789","post","type-post","status-publish","format-standard","has-post-thumbnail","hentry","category-actualidad","category-regionales"],"_links":{"self":[{"href":"https:\/\/entretormentas.com\/index.php?rest_route=\/wp\/v2\/posts\/16789","targetHints":{"allow":["GET"]}}],"collection":[{"href":"https:\/\/entretormentas.com\/index.php?rest_route=\/wp\/v2\/posts"}],"about":[{"href":"https:\/\/entretormentas.com\/index.php?rest_route=\/wp\/v2\/types\/post"}],"author":[{"embeddable":true,"href":"https:\/\/entretormentas.com\/index.php?rest_route=\/wp\/v2\/users\/2"}],"replies":[{"embeddable":true,"href":"https:\/\/entretormentas.com\/index.php?rest_route=%2Fwp%2Fv2%2Fcomments&post=16789"}],"version-history":[{"count":1,"href":"https:\/\/entretormentas.com\/index.php?rest_route=\/wp\/v2\/posts\/16789\/revisions"}],"predecessor-version":[{"id":16794,"href":"https:\/\/entretormentas.com\/index.php?rest_route=\/wp\/v2\/posts\/16789\/revisions\/16794"}],"wp:featuredmedia":[{"embeddable":true,"href":"https:\/\/entretormentas.com\/index.php?rest_route=\/wp\/v2\/media\/16793"}],"wp:attachment":[{"href":"https:\/\/entretormentas.com\/index.php?rest_route=%2Fwp%2Fv2%2Fmedia&parent=16789"}],"wp:term":[{"taxonomy":"category","embeddable":true,"href":"https:\/\/entretormentas.com\/index.php?rest_route=%2Fwp%2Fv2%2Fcategories&post=16789"},{"taxonomy":"post_tag","embeddable":true,"href":"https:\/\/entretormentas.com\/index.php?rest_route=%2Fwp%2Fv2%2Ftags&post=16789"}],"curies":[{"name":"wp","href":"https:\/\/api.w.org\/{rel}","templated":true}]}}