{"id":16805,"date":"2025-05-18T12:00:03","date_gmt":"2025-05-18T10:00:03","guid":{"rendered":"https:\/\/entretormentas.com\/?p=16805"},"modified":"2025-05-18T12:00:04","modified_gmt":"2025-05-18T10:00:04","slug":"expectativa-fedecamaras-solicita-un-marco-juridico-robusto-para-mejorar-condiciones-empresariales","status":"publish","type":"post","link":"https:\/\/entretormentas.com\/expectativa-fedecamaras-solicita-un-marco-juridico-robusto-para-mejorar-condiciones-empresariales\/","title":{"rendered":"\u00a1EXPECTATIVA! Fedec\u00e1maras solicita un marco jur\u00eddico \u00abrobusto\u00bb para mejorar condiciones empresariales"},"content":{"rendered":"\n<p><strong>ENTRE TORMENTAS.<\/strong> El presidente de Fedec\u00e1maras, Ad\u00e1n Celis, solicit\u00f3 la creaci\u00f3n de un \u00abmarco jur\u00eddico robusto\u00bb para mejorar las condiciones del sector, indic\u00f3 Uni\u00f3n Radio.<\/p>\n\n\n\n<p>\u00abLa \u00fanica forma de que se vaya cubriendo la brecha fiscal es que entren m\u00e1s d\u00f3lares a Venezuela. Tenemos que crear confianza en el pa\u00eds, que las inversiones vengan al pa\u00eds, pero para eso se necesita un marco jur\u00eddico robusto que de condiciones claras para que los inversionistas vengan\u00bb, se\u00f1al\u00f3.<\/p>\n\n\n\n<p>Coment\u00f3 tambi\u00e9n que se debe dar una convivencia m\u00e1s amplia entre el d\u00f3lar y el bol\u00edvar, para que se puedan intercambiar las divisas entre los bancos y haya m\u00e1s fluidez entre ambas.<\/p>\n\n\n\n<p>Por su parte, la presidenta de Fedec\u00e1maras Carabobo, Ana Isabel Taboada, destac\u00f3 el compromiso mostrado y los logros realizados por el empresariado de Venezuela.<\/p>\n\n\n\n<p>\u00abCreo que aqu\u00ed hay una muestra tangible de lo que somos capaces de hacer cuando estamos juntos, unidos y cuando creemos en el pa\u00eds\u00bb, coment\u00f3 Taboada.<\/p>\n\n\n\n<p>Los directivos de Fedec\u00e1maras anunciaron que la asamblea anual se realizar\u00e1 para el pr\u00f3ximo 17 y 18 de julio.<br><strong><em>ET \/ Agencias<\/em><\/strong><\/p>\n","protected":false},"excerpt":{"rendered":"<p>ENTRE TORMENTAS. El presidente de Fedec\u00e1maras, Ad\u00e1n Celis, solicit\u00f3 la creaci\u00f3n de un \u00abmarco jur\u00eddico&#8230;<\/p>\n","protected":false},"author":2,"featured_media":16806,"comment_status":"closed","ping_status":"open","sticky":false,"template":"","format":"standard","meta":{"footnotes":""},"categories":[56,49],"tags":[],"class_list":["post-16805","post","type-post","status-publish","format-standard","has-post-thumbnail","hentry","category-destacadas","category-nacionales"],"_links":{"self":[{"href":"https:\/\/entretormentas.com\/index.php?rest_route=\/wp\/v2\/posts\/16805","targetHints":{"allow":["GET"]}}],"collection":[{"href":"https:\/\/entretormentas.com\/index.php?rest_route=\/wp\/v2\/posts"}],"about":[{"href":"https:\/\/entretormentas.com\/index.php?rest_route=\/wp\/v2\/types\/post"}],"author":[{"embeddable":true,"href":"https:\/\/entretormentas.com\/index.php?rest_route=\/wp\/v2\/users\/2"}],"replies":[{"embeddable":true,"href":"https:\/\/entretormentas.com\/index.php?rest_route=%2Fwp%2Fv2%2Fcomments&post=16805"}],"version-history":[{"count":1,"href":"https:\/\/entretormentas.com\/index.php?rest_route=\/wp\/v2\/posts\/16805\/revisions"}],"predecessor-version":[{"id":16807,"href":"https:\/\/entretormentas.com\/index.php?rest_route=\/wp\/v2\/posts\/16805\/revisions\/16807"}],"wp:featuredmedia":[{"embeddable":true,"href":"https:\/\/entretormentas.com\/index.php?rest_route=\/wp\/v2\/media\/16806"}],"wp:attachment":[{"href":"https:\/\/entretormentas.com\/index.php?rest_route=%2Fwp%2Fv2%2Fmedia&parent=16805"}],"wp:term":[{"taxonomy":"category","embeddable":true,"href":"https:\/\/entretormentas.com\/index.php?rest_route=%2Fwp%2Fv2%2Fcategories&post=16805"},{"taxonomy":"post_tag","embeddable":true,"href":"https:\/\/entretormentas.com\/index.php?rest_route=%2Fwp%2Fv2%2Ftags&post=16805"}],"curies":[{"name":"wp","href":"https:\/\/api.w.org\/{rel}","templated":true}]}}