{"id":16808,"date":"2025-05-18T12:02:24","date_gmt":"2025-05-18T10:02:24","guid":{"rendered":"https:\/\/entretormentas.com\/?p=16808"},"modified":"2025-05-18T12:02:25","modified_gmt":"2025-05-18T10:02:25","slug":"fe-de-vida-josnars-adolfo-baduel-recibe-visita-de-familiares-en-el-rodeo-i","status":"publish","type":"post","link":"https:\/\/entretormentas.com\/fe-de-vida-josnars-adolfo-baduel-recibe-visita-de-familiares-en-el-rodeo-i\/","title":{"rendered":"\u00a1FE DE VIDA! Josnars Adolfo Baduel recibe visita de familiares en El Rodeo I"},"content":{"rendered":"\n<p><strong>ENTRE TORMENTAS. <\/strong>La activista venezolana Andre\u00edna Baduel inform\u00f3 este s\u00e1bado que pudo visitar, durante 15 minutos, a su hermano Josnars Adolfo Baduel -detenido desde 2020-, rese\u00f1\u00f3 EFE, tras una semana de \u00abrumores\u00bb sobre su \u00abposible muerte\u00bb, y calific\u00f3 esta \u00abfe de vida\u00bb como una \u00abconquista\u00bb.<\/p>\n\n\n\n<p>\u00abDespu\u00e9s de 111 d\u00edas sin verlo, en aislamiento absoluto, y tras una semana entera de angustia por rumores sobre su posible muerte, nos permitieron una visita en el Rodeo I\u00bb, se\u00f1al\u00f3 Baduel, integrante de la ONG Comit\u00e9 por la Libertad de los Presos Pol\u00edticos (Clipp), en una publicaci\u00f3n en X.<br><strong><em>ET \/ Agencias<\/em><\/strong><\/p>\n","protected":false},"excerpt":{"rendered":"<p>ENTRE TORMENTAS. La activista venezolana Andre\u00edna Baduel inform\u00f3 este s\u00e1bado que pudo visitar, durante 15&#8230;<\/p>\n","protected":false},"author":2,"featured_media":16809,"comment_status":"closed","ping_status":"open","sticky":false,"template":"","format":"standard","meta":{"footnotes":""},"categories":[56,49],"tags":[],"class_list":["post-16808","post","type-post","status-publish","format-standard","has-post-thumbnail","hentry","category-destacadas","category-nacionales"],"_links":{"self":[{"href":"https:\/\/entretormentas.com\/index.php?rest_route=\/wp\/v2\/posts\/16808","targetHints":{"allow":["GET"]}}],"collection":[{"href":"https:\/\/entretormentas.com\/index.php?rest_route=\/wp\/v2\/posts"}],"about":[{"href":"https:\/\/entretormentas.com\/index.php?rest_route=\/wp\/v2\/types\/post"}],"author":[{"embeddable":true,"href":"https:\/\/entretormentas.com\/index.php?rest_route=\/wp\/v2\/users\/2"}],"replies":[{"embeddable":true,"href":"https:\/\/entretormentas.com\/index.php?rest_route=%2Fwp%2Fv2%2Fcomments&post=16808"}],"version-history":[{"count":1,"href":"https:\/\/entretormentas.com\/index.php?rest_route=\/wp\/v2\/posts\/16808\/revisions"}],"predecessor-version":[{"id":16810,"href":"https:\/\/entretormentas.com\/index.php?rest_route=\/wp\/v2\/posts\/16808\/revisions\/16810"}],"wp:featuredmedia":[{"embeddable":true,"href":"https:\/\/entretormentas.com\/index.php?rest_route=\/wp\/v2\/media\/16809"}],"wp:attachment":[{"href":"https:\/\/entretormentas.com\/index.php?rest_route=%2Fwp%2Fv2%2Fmedia&parent=16808"}],"wp:term":[{"taxonomy":"category","embeddable":true,"href":"https:\/\/entretormentas.com\/index.php?rest_route=%2Fwp%2Fv2%2Fcategories&post=16808"},{"taxonomy":"post_tag","embeddable":true,"href":"https:\/\/entretormentas.com\/index.php?rest_route=%2Fwp%2Fv2%2Ftags&post=16808"}],"curies":[{"name":"wp","href":"https:\/\/api.w.org\/{rel}","templated":true}]}}