{"id":16814,"date":"2025-05-18T12:12:13","date_gmt":"2025-05-18T10:12:13","guid":{"rendered":"https:\/\/entretormentas.com\/?p=16814"},"modified":"2025-05-18T12:12:13","modified_gmt":"2025-05-18T10:12:13","slug":"nueva-era-maduro-crea-la-corporacion-nacional-juntos-todo-es-posible","status":"publish","type":"post","link":"https:\/\/entretormentas.com\/nueva-era-maduro-crea-la-corporacion-nacional-juntos-todo-es-posible\/","title":{"rendered":"\u00a1NUEVA ERA! Maduro crea la \u201cCorporaci\u00f3n Nacional Juntos Todo es Posible\u201d"},"content":{"rendered":"\n<p><strong>ENTRE TORMENTAS.<\/strong> El presidente, Nicol\u00e1s Maduro, firm\u00f3 este s\u00e1bado el decreto para la creaci\u00f3n de la Corporaci\u00f3n Nacional de Juntos Todo es Posible como corporaci\u00f3n de acci\u00f3n para apoyar a las comunidades con sus grandes obras, rese\u00f1a Uni\u00f3n Radio.<\/p>\n\n\n\n<p>Maduro indic\u00f3 que desde el pasado mes de diciembre estuvo planeando la creaci\u00f3n de esta nueva entidad y de un nuevo organismo que ortorgar\u00e1 los recursos necesarios.<\/p>\n\n\n\n<figure class=\"wp-block-image size-full\"><img fetchpriority=\"high\" decoding=\"async\" width=\"696\" height=\"392\" src=\"https:\/\/entretormentas.com\/wp-content\/uploads\/2025\/05\/juntos2.jpeg\" alt=\"\" class=\"wp-image-16815\" srcset=\"https:\/\/entretormentas.com\/wp-content\/uploads\/2025\/05\/juntos2.jpeg 696w, https:\/\/entretormentas.com\/wp-content\/uploads\/2025\/05\/juntos2-300x169.jpeg 300w\" sizes=\"(max-width: 696px) 100vw, 696px\" \/><\/figure>\n\n\n\n<p>\u00abConversando con la vicepresidenta ejecutiva, Delcy Rodr\u00edguez, estuve hablando, para ir consiguiendo m\u00e1s platica, que yo s\u00e9 voy a multiplicar por diez, (\u2026) ahora con el decreto de Emergencia Democr\u00e1tica se me facilita, con esto se me triplicar\u00e1n los recursos mensuales y procedo a crear el Fondo Especial de inversi\u00f3n comunal\u00bb, dijo.<\/p>\n\n\n\n<p>Maduro inform\u00f3 que la Corporaci\u00f3n entrar\u00e1 en vigencia el pr\u00f3ximo lunes 19 de mayo en todo el territorio nacional.<\/p>\n\n\n\n<p>Asimismo, Maduro orden\u00f3 que todas las obras fabricadas por la Corporaci\u00f3n Juntos Todo es Posible cuenten con garant\u00eda de mantenimiento y supervisi\u00f3n.<\/p>\n\n\n\n<p>Las declaraciones las ofreci\u00f3 Maduro desde el estado La Guaira durante la entrega de los edificios rehabilitados de la urbanizaci\u00f3n 10 de Marzo.<br><strong><em>ET \/ Agencias<\/em><\/strong><\/p>\n\n\n\n<p><\/p>\n","protected":false},"excerpt":{"rendered":"<p>ENTRE TORMENTAS. El presidente, Nicol\u00e1s Maduro, firm\u00f3 este s\u00e1bado el decreto para la creaci\u00f3n de&#8230;<\/p>\n","protected":false},"author":2,"featured_media":16816,"comment_status":"closed","ping_status":"open","sticky":false,"template":"","format":"standard","meta":{"footnotes":""},"categories":[56,49],"tags":[],"class_list":["post-16814","post","type-post","status-publish","format-standard","has-post-thumbnail","hentry","category-destacadas","category-nacionales"],"_links":{"self":[{"href":"https:\/\/entretormentas.com\/index.php?rest_route=\/wp\/v2\/posts\/16814","targetHints":{"allow":["GET"]}}],"collection":[{"href":"https:\/\/entretormentas.com\/index.php?rest_route=\/wp\/v2\/posts"}],"about":[{"href":"https:\/\/entretormentas.com\/index.php?rest_route=\/wp\/v2\/types\/post"}],"author":[{"embeddable":true,"href":"https:\/\/entretormentas.com\/index.php?rest_route=\/wp\/v2\/users\/2"}],"replies":[{"embeddable":true,"href":"https:\/\/entretormentas.com\/index.php?rest_route=%2Fwp%2Fv2%2Fcomments&post=16814"}],"version-history":[{"count":1,"href":"https:\/\/entretormentas.com\/index.php?rest_route=\/wp\/v2\/posts\/16814\/revisions"}],"predecessor-version":[{"id":16817,"href":"https:\/\/entretormentas.com\/index.php?rest_route=\/wp\/v2\/posts\/16814\/revisions\/16817"}],"wp:featuredmedia":[{"embeddable":true,"href":"https:\/\/entretormentas.com\/index.php?rest_route=\/wp\/v2\/media\/16816"}],"wp:attachment":[{"href":"https:\/\/entretormentas.com\/index.php?rest_route=%2Fwp%2Fv2%2Fmedia&parent=16814"}],"wp:term":[{"taxonomy":"category","embeddable":true,"href":"https:\/\/entretormentas.com\/index.php?rest_route=%2Fwp%2Fv2%2Fcategories&post=16814"},{"taxonomy":"post_tag","embeddable":true,"href":"https:\/\/entretormentas.com\/index.php?rest_route=%2Fwp%2Fv2%2Ftags&post=16814"}],"curies":[{"name":"wp","href":"https:\/\/api.w.org\/{rel}","templated":true}]}}