{"id":16823,"date":"2025-05-19T10:54:16","date_gmt":"2025-05-19T08:54:16","guid":{"rendered":"https:\/\/entretormentas.com\/?p=16823"},"modified":"2025-05-19T10:54:16","modified_gmt":"2025-05-19T08:54:16","slug":"en-san-francisco-celebran-el-dia-mundial-del-reciclaje-con-exposicion-de-productos-creados-con-materiales-de-provecho","status":"publish","type":"post","link":"https:\/\/entretormentas.com\/en-san-francisco-celebran-el-dia-mundial-del-reciclaje-con-exposicion-de-productos-creados-con-materiales-de-provecho\/","title":{"rendered":"\u00a1EN SAN FRANCISCO! Celebran el D\u00eda Mundial del Reciclaje con exposici\u00f3n de productos creados con materiales de provecho"},"content":{"rendered":"\n<p><strong>ENTRE TORMENTAS. <\/strong>El municipio San Francisco se uni\u00f3 a la celebraci\u00f3n del D\u00eda Mundial del Reciclaje con una colorida exposici\u00f3n de productos elaborados a partir de materiales recuperados y reciclados. Este evento, organizado por la Fundaci\u00f3n Casa del Adulto Mayor \u201cSue\u00f1os de Anta\u00f1o\u201d, presidida por la se\u00f1ora Virginia Iglesia, fue un verdadero homenaje a la creatividad y el ingenio de nuestros abuelos.<\/p>\n\n\n\n<p>El acto cont\u00f3 con el respaldo del alcalde Gustavo Fern\u00e1ndez y el apoyo de diversas organizaciones, incluyendo el Instituto P\u00fablico Municipal de Ambiente y Aseo Urbano (Imasur), Empresur, Funvive, Plastisurca, Alesca, Sal La Esmeralda, Fundaci\u00f3n Jard\u00edn Bot\u00e1nico de Maracaibo, Confecciones Isana y Beydi.<\/p>\n\n\n\n<figure class=\"wp-block-image size-large\"><img fetchpriority=\"high\" decoding=\"async\" width=\"1024\" height=\"768\" src=\"https:\/\/entretormentas.com\/wp-content\/uploads\/2025\/05\/recicla3-1024x768.jpeg\" alt=\"\" class=\"wp-image-16824\" srcset=\"https:\/\/entretormentas.com\/wp-content\/uploads\/2025\/05\/recicla3-1024x768.jpeg 1024w, https:\/\/entretormentas.com\/wp-content\/uploads\/2025\/05\/recicla3-300x225.jpeg 300w, https:\/\/entretormentas.com\/wp-content\/uploads\/2025\/05\/recicla3-768x576.jpeg 768w, https:\/\/entretormentas.com\/wp-content\/uploads\/2025\/05\/recicla3.jpeg 1280w\" sizes=\"(max-width: 1024px) 100vw, 1024px\" \/><\/figure>\n\n\n\n<p>Benito Quintero, presidente de Empresur y Funvive, agradeci\u00f3 a todos los que hicieron posible este evento y anunci\u00f3 que se celebrar\u00e1 anualmente para coincidir con otras fechas importantes como el D\u00eda Mundial del Agua (22 de marzo), el D\u00eda Mundial de la Tierra (22 de abril), el D\u00eda Mundial del Reciclaje (17 de mayo) y el D\u00eda Mundial del Ambiente (5 de junio). \u00abTodos debemos trabajar juntos para lograr un ambiente saludable para todas las especies que habitan nuestro planeta\u00bb, afirm\u00f3 Quintero.<\/p>\n\n\n\n<p>Previamente, por medio de una rueda de prensa realizada en el ayuntamiento sure\u00f1o, se invit\u00f3 a los habitantes del municipio a asistir a esta exposici\u00f3n. Entre los voceros de esta convocatoria, Carlos Calles, presidente del Instituto P\u00fablico Municipal de Ambiente y Aseo Urbano, destac\u00f3 la importancia de realizar este tipo de actividades con el fin de incentivar a la ciudadan\u00eda al reciclaje para que en su faena diaria pongan un granito de arena y contribuyan a mantener un municipio libre de contaminaci\u00f3n.<\/p>\n\n\n\n<p>Yadira Mu\u00f1oz, coordinadora de la exposici\u00f3n, tambi\u00e9n expres\u00f3 su gratitud hacia la Fundaci\u00f3n Sue\u00f1os de Anta\u00f1o y sus miembros. Hizo un llamado a concienciar a la comunidad sobre la correcta gesti\u00f3n de residuos s\u00f3lidos para prevenir problemas ambientales.<\/p>\n\n\n\n<figure class=\"wp-block-image size-large\"><img decoding=\"async\" width=\"1024\" height=\"768\" src=\"https:\/\/entretormentas.com\/wp-content\/uploads\/2025\/05\/recicla2-1024x768.jpeg\" alt=\"\" class=\"wp-image-16825\" srcset=\"https:\/\/entretormentas.com\/wp-content\/uploads\/2025\/05\/recicla2-1024x768.jpeg 1024w, https:\/\/entretormentas.com\/wp-content\/uploads\/2025\/05\/recicla2-300x225.jpeg 300w, https:\/\/entretormentas.com\/wp-content\/uploads\/2025\/05\/recicla2-768x576.jpeg 768w, https:\/\/entretormentas.com\/wp-content\/uploads\/2025\/05\/recicla2.jpeg 1280w\" sizes=\"(max-width: 1024px) 100vw, 1024px\" \/><\/figure>\n\n\n\n<p>Virginia Iglesia destac\u00f3 la importancia del apoyo del alcalde Fern\u00e1ndez M\u00e9ndez en la realizaci\u00f3n del evento que se llev\u00f3 a cabo en la cancha de usos m\u00faltiples Jos\u00e9 Ram\u00f3n Solano. \u00abHoy mostramos el trabajo que realizamos en la fundaci\u00f3n. No importa la edad para crear; nuestros abuelos han demostrado que se puede hacer arte con materiales desechados\u00bb. La Fundaci\u00f3n Sue\u00f1os de Anta\u00f1o ofrece un espacio donde los adultos mayores pueden aprender sobre reciclaje y compartir su creatividad.<\/p>\n\n\n\n<p>Las abuelas mostraron su entusiasmo al presentar sus obras. Marlene Viloria comparti\u00f3 que \u00abtodo lo que exhibimos es reciclado. Con lo que tenemos en casa podemos hacer algo hermoso\u00bb. Ella ha estado en la fundaci\u00f3n durante cuatro a\u00f1os y present\u00f3 ranas hechas con retazos de tela. Por su parte, M\u00e9lida de Portillo, quien lleva ocho a\u00f1os en Sue\u00f1os de Anta\u00f1o, mostr\u00f3 una alfombra elaborada con tiras de tela en los colores de la bandera. \u00abAqu\u00ed compartimos tres d\u00edas a la semana. Con reciclaje hacemos muchas cosas\u00bb, coment\u00f3.<\/p>\n\n\n\n<p>Este evento no solo resalta la importancia del reciclaje, sino tambi\u00e9n el valor del trabajo comunitario y el talento art\u00edstico de los adultos mayores de San Francisco.<br><strong><em>ET \/ Alcald\u00eda de San Francisco<\/em><\/strong><\/p>\n\n\n\n<p><\/p>\n","protected":false},"excerpt":{"rendered":"<p>ENTRE TORMENTAS. El municipio San Francisco se uni\u00f3 a la celebraci\u00f3n del D\u00eda Mundial del&#8230;<\/p>\n","protected":false},"author":2,"featured_media":16826,"comment_status":"closed","ping_status":"open","sticky":false,"template":"","format":"standard","meta":{"footnotes":""},"categories":[57,1],"tags":[],"class_list":["post-16823","post","type-post","status-publish","format-standard","has-post-thumbnail","hentry","category-actualidad","category-regionales"],"_links":{"self":[{"href":"https:\/\/entretormentas.com\/index.php?rest_route=\/wp\/v2\/posts\/16823","targetHints":{"allow":["GET"]}}],"collection":[{"href":"https:\/\/entretormentas.com\/index.php?rest_route=\/wp\/v2\/posts"}],"about":[{"href":"https:\/\/entretormentas.com\/index.php?rest_route=\/wp\/v2\/types\/post"}],"author":[{"embeddable":true,"href":"https:\/\/entretormentas.com\/index.php?rest_route=\/wp\/v2\/users\/2"}],"replies":[{"embeddable":true,"href":"https:\/\/entretormentas.com\/index.php?rest_route=%2Fwp%2Fv2%2Fcomments&post=16823"}],"version-history":[{"count":1,"href":"https:\/\/entretormentas.com\/index.php?rest_route=\/wp\/v2\/posts\/16823\/revisions"}],"predecessor-version":[{"id":16827,"href":"https:\/\/entretormentas.com\/index.php?rest_route=\/wp\/v2\/posts\/16823\/revisions\/16827"}],"wp:featuredmedia":[{"embeddable":true,"href":"https:\/\/entretormentas.com\/index.php?rest_route=\/wp\/v2\/media\/16826"}],"wp:attachment":[{"href":"https:\/\/entretormentas.com\/index.php?rest_route=%2Fwp%2Fv2%2Fmedia&parent=16823"}],"wp:term":[{"taxonomy":"category","embeddable":true,"href":"https:\/\/entretormentas.com\/index.php?rest_route=%2Fwp%2Fv2%2Fcategories&post=16823"},{"taxonomy":"post_tag","embeddable":true,"href":"https:\/\/entretormentas.com\/index.php?rest_route=%2Fwp%2Fv2%2Ftags&post=16823"}],"curies":[{"name":"wp","href":"https:\/\/api.w.org\/{rel}","templated":true}]}}