{"id":16837,"date":"2025-05-19T11:09:41","date_gmt":"2025-05-19T09:09:41","guid":{"rendered":"https:\/\/entretormentas.com\/?p=16837"},"modified":"2025-05-19T11:14:49","modified_gmt":"2025-05-19T09:14:49","slug":"los-que-llegaron-al-zulia-y-se-quedaron-xi-entregasalio-de-siria-hace-56-anos-y-en-maracaibo-decidio-no-devolverse","status":"publish","type":"post","link":"https:\/\/entretormentas.com\/los-que-llegaron-al-zulia-y-se-quedaron-xi-entregasalio-de-siria-hace-56-anos-y-en-maracaibo-decidio-no-devolverse\/","title":{"rendered":"LOS QUE LLEGARON AL ZULIA Y SE QUEDARON (XI Entrega)Sali\u00f3 de Siria hace 56 a\u00f1os y en Maracaibo decidi\u00f3 no devolverse"},"content":{"rendered":"\n<p><strong>ENTRE TORMENTAS.<\/strong> Piero Sakkal, tiene 79 a\u00f1os, naci\u00f3 en la ciudad de Alepo y hoy es el protagonista de \u00abLos Que Llegaron al Zulia y se Quedaron, XI entrega\u00bb. Su historia de vida es la de otros sirios, libaneses, jordanos, turcos o de otras nacionalidades del mundo, que llegaron a Venezuela durante el siglo pasado buscando una mejor calidad de vida<\/p>\n\n\n\n<p>No recuerda ni nunca sac\u00f3 cuentas de los kil\u00f3metros que le toc\u00f3 caminar durante 20 a\u00f1os cada d\u00eda con la salida del sol, cuando muy joven, recorr\u00eda las calles de Maracaibo en su novedoso oficio de vendedor ambulante de mercanc\u00eda que m\u00e1s luego la gente identificar\u00eda y se har\u00eda muy popular la frase \u00abah\u00ed viene, lleg\u00f3 el turco, trajo mercanc\u00eda\u00bb.<\/p>\n\n\n\n<p>Su primera impresi\u00f3n desde su llegada a la Tierra del Sol Amada, 56 a\u00f1os atr\u00e1s en el a\u00f1o de 1969, sucedi\u00f3 un d\u00eda despu\u00e9s de arribar a la capital del estado Zulia, durante la tragedia de la urbanizaci\u00f3n La Trinidad que sacudi\u00f3 al pa\u00eds, cuando un avi\u00f3n de Viasa que despeg\u00f3 del aeropuerto Grano de Oro cay\u00f3 a tierra, muriendo 155 personas entre tripulaci\u00f3n, pasajeros y habitantes de Ziruma y La Trinidad. Casualidad o no, \u00e9l andaba con un primo cerca del \u00e1rea del accidente.<\/p>\n\n\n\n<figure class=\"wp-block-image size-large\"><img fetchpriority=\"high\" decoding=\"async\" width=\"1024\" height=\"768\" src=\"https:\/\/entretormentas.com\/wp-content\/uploads\/2025\/05\/turco2-1024x768.jpeg\" alt=\"\" class=\"wp-image-16838\" srcset=\"https:\/\/entretormentas.com\/wp-content\/uploads\/2025\/05\/turco2-1024x768.jpeg 1024w, https:\/\/entretormentas.com\/wp-content\/uploads\/2025\/05\/turco2-300x225.jpeg 300w, https:\/\/entretormentas.com\/wp-content\/uploads\/2025\/05\/turco2-768x576.jpeg 768w, https:\/\/entretormentas.com\/wp-content\/uploads\/2025\/05\/turco2.jpeg 1224w\" sizes=\"(max-width: 1024px) 100vw, 1024px\" \/><\/figure>\n\n\n\n<p>En esa terminal a\u00e9rea el d\u00eda antes, 15 de marzo, procedente de Maiquet\u00eda, Piero Sakkal, ya con 22 a\u00f1os de edad, lleg\u00f3 con su mam\u00e1, Mar\u00eda Heineich (+), su hermana, Farize (+) y el menor de todos, Jorge. Los esperaban el mayor de los hermanos, Abelardo (+), residente de Maracaibo desde 1956 y su pap\u00e1, Antonio Sakkal (+), quien lleg\u00f3 a\u00f1os despu\u00e9s que el primog\u00e9nito de la familia.<\/p>\n\n\n\n<p><strong>SIRIA CAMINO A LA VIOLENCIA<\/strong><br>En su pa\u00eds de nacimiento, Piero Sakkal, hab\u00eda culminado su educaci\u00f3n primaria, secundaria y hab\u00eda iniciado en El L\u00edbano, pa\u00eds vecino, los estudios superiores en Ciencias Pol\u00edticas, pero su continuaci\u00f3n la suspendi\u00f3, porque su primo, Sim\u00f3n, quien estaba en Maracaibo, cada vez que hablaban lo animaba, \u00abembullaba\u00bb y exhortaba a venirse a Venezuela, donde, le aseguraba, hab\u00edan muchas oportunidades econ\u00f3micas, laborales y la gente disfrutaba de una buena calidad de vida.<\/p>\n\n\n\n<p>En esa d\u00e9cada, &#8211;finales de 1960&#8211;, la situaci\u00f3n geopol\u00edtica del Medio Oriente no era f\u00e1cil y la normalidad en esa zona de la tierra era un tema muy fr\u00e1gil, delicado, que se convirti\u00f3 en vol\u00e1til luego de la Guerra de los Seis D\u00edas entre Israel y algunas naciones \u00e1rabes en 1967. Esa conflagraci\u00f3n b\u00e9lica deriv\u00f3 en una desestabilizaci\u00f3n pol\u00edtica que ha crecido a trav\u00e9s de los a\u00f1os.<\/p>\n\n\n\n<figure class=\"wp-block-image size-large\"><img decoding=\"async\" width=\"1024\" height=\"768\" src=\"https:\/\/entretormentas.com\/wp-content\/uploads\/2025\/05\/turco3-1024x768.jpeg\" alt=\"\" class=\"wp-image-16839\" srcset=\"https:\/\/entretormentas.com\/wp-content\/uploads\/2025\/05\/turco3-1024x768.jpeg 1024w, https:\/\/entretormentas.com\/wp-content\/uploads\/2025\/05\/turco3-300x225.jpeg 300w, https:\/\/entretormentas.com\/wp-content\/uploads\/2025\/05\/turco3-768x576.jpeg 768w, https:\/\/entretormentas.com\/wp-content\/uploads\/2025\/05\/turco3.jpeg 1224w\" sizes=\"(max-width: 1024px) 100vw, 1024px\" \/><\/figure>\n\n\n\n<p>Hay algo en el recuerdo de Piero Sakkal que no olvida a pesar de los a\u00f1os transcurridos. Lamenta, pero no est\u00e1 arrepentido el no haber podido obtener un t\u00edtulo universitario. Su sue\u00f1o, m\u00e1s su juventud, fueron los catalizadores, el motivo suficiente para dar un paso adelante, cuando la familia decidi\u00f3 venirse a esta parte del mundo a un pa\u00eds llamado Venezuela del que tanto le hablaba Sim\u00f3n.<\/p>\n\n\n\n<p><strong>DURO COMIENZO EN LA CALLE<\/strong><br>Su hermano Abelardo (+), ya con trece a\u00f1os de residencia en Maracaibo, estable y solvente econ\u00f3micamente, ofreci\u00f3 financiar sus estudios en el pa\u00eds que \u00e9l hubiese querido, pero Piero Sakkal ten\u00eda, &#8211;entre ceja y ceja&#8211;, el deseo de venir a Venezuela, donde los seis miembros de la familia se integrar\u00edan a esta nueva sociedad en un pa\u00eds desconocido, distinto culturalmente a Siria, donde, adem\u00e1s, no hab\u00eda guerra.<\/p>\n\n\n\n<p>Sakkal est\u00e1 inmensamente agradecido con su desaparecido hermano a quien, adem\u00e1s del respeto por ser el mayor, le debe el consejo oportuno, su orientaci\u00f3n y el haber sido un gu\u00eda, una luz en el camino, que le transmiti\u00f3 valores \u00e9ticos, familiares y de responsabilidad. El \u00abten\u00eda la facilidad de pagarme mis estudios universitarios en el pa\u00eds que yo quisiera, pero no le hice caso\u00bb, recuerda.<\/p>\n\n\n\n<p>Durante su vida laboral en el desempe\u00f1o de ofrecer mercanc\u00eda a consignaci\u00f3n, \u00abbuena, bonita y barata\u00bb, no olvida que su principal herramienta de trabajo fue una maleta, donde, ropa interior, telas, pantalones, camisas o cualquier art\u00edculo indispensable de uso en el hogar, &#8211;sin dificultad de entrar en la maleta&#8211;, las ofrec\u00eda por esas calles de Dios, donde nunca le falt\u00f3 clientela dispuesta a comprarle al \u00abturco\u00bb que recorr\u00eda largos trechos, bajo un sol sofocante entre barriadas y sectores populares de Maracaibo.<\/p>\n\n\n\n<p>No naci\u00f3 el d\u00eda de decirle \u00abno\u00bb al trabajo. Camin\u00f3 durante 19 o 20 a\u00f1os por asfalto, v\u00edas de tierra y camellones. Al principio Abelardo (+) le asign\u00f3 camioneta y chofer mientras se adaptaba y conoc\u00eda el idioma para que luego pudiera desenvolverse por si s\u00f3lo en la calle. Nunca se cans\u00f3, agot\u00f3 o desmotiv\u00f3 en la actividad que desarrollaba cada d\u00eda desde muy temprano.<\/p>\n\n\n\n<figure class=\"wp-block-image size-large\"><img decoding=\"async\" width=\"1024\" height=\"768\" src=\"https:\/\/entretormentas.com\/wp-content\/uploads\/2025\/05\/turco4-1024x768.jpeg\" alt=\"\" class=\"wp-image-16840\" srcset=\"https:\/\/entretormentas.com\/wp-content\/uploads\/2025\/05\/turco4-1024x768.jpeg 1024w, https:\/\/entretormentas.com\/wp-content\/uploads\/2025\/05\/turco4-300x225.jpeg 300w, https:\/\/entretormentas.com\/wp-content\/uploads\/2025\/05\/turco4-768x576.jpeg 768w, https:\/\/entretormentas.com\/wp-content\/uploads\/2025\/05\/turco4.jpeg 1224w\" sizes=\"(max-width: 1024px) 100vw, 1024px\" \/><\/figure>\n\n\n\n<p>Dice, por ejemplo, que comenzaba la faena en Santa Luc\u00eda y el final del d\u00eda pod\u00eda terminarlo en Valle Fr\u00edo, Cerros de Mar\u00edn o en cualquier otro sector en la ciudad que segu\u00eda en crecimiento. La actividad econ\u00f3mica de los \u00abturcos\u00bb qued\u00f3 grabada en la historia citadina de Maracaibo durante a\u00f1os. \u00bfQui\u00e9n no recuerda a alguno?.<\/p>\n\n\n\n<p>Eso le permiti\u00f3 a Piero Sakkal y a otros de sus \u00abpaisanos\u00bb desarrollar una forma de ganarse el pan diario que era el sustento de sus familias. El cansancio del esfuerzo f\u00edsico permiti\u00f3 compensar el sacrificio de esas personas, ahorrando dinero para emprender otras actividades. En el caso de Piero Sakkal y sus hermanos, a\u00f1os despu\u00e9s, desarrollar\u00edan la actividad de la carpinter\u00eda industrial.<\/p>\n\n\n\n<p><strong>V\u00cdCTIMA DE LA XENOFOBIA<\/strong><br>Sin embargo, no olvida que todo no ser\u00eda color de rosa. El y muchos que llegaron de otros pa\u00edses, ejemplo de Colombia, fueron v\u00edctimas de la xenofobia. Afirma que en las decisiones tomadas \u00aben mi vida nunca me arrepiento de lo que hago, pero esa vez al a\u00f1o o dos que llegu\u00e9, un medio d\u00eda en Valle Fr\u00edo, debajo de un Cuj\u00ed y sentado sobre la maleta con la que vine de all\u00e1, me puse a pensar \u00bfpero bueno qu\u00e9 hice yo con mi vida?.<\/p>\n\n\n\n<p>En ese momento refiere que en silencio, muy nost\u00e1lgico, melanc\u00f3lico y afligido pensaba porque \u00e9l siendo un \u00abjoven, estudiante, con tantos amigos conocidos en mi zona, en mi barrio all\u00e1, me vine para ac\u00e1 a ser humillado. Y comenc\u00e9 a entender que le dec\u00edan a uno turco perro. \u00a1Ustedes lo que vienen aqu\u00ed es a robar y a atracar!. Hab\u00eda mucha xenofobia\u00bb, dice.<\/p>\n\n\n\n<p>\u00bfQu\u00e9 pas\u00f3 ah\u00ed?, pregunta y asegura que eso le produjo \u00abnostalgia y un arrepentimiento, porque v\u00ed que baj\u00e9 de calidad de vida y de prestigio personal. Ya no era aquella persona que pens\u00e9 que al llegar aqu\u00ed al poco tiempo iba a ganar dinero, a hacer fortuna y a estar con prestigio como cuando estaba en mi pa\u00eds. \u00bfPor qu\u00e9 digo esto?.<\/p>\n\n\n\n<p>\u00abPorque mi hermano mayor que estaba aqu\u00ed cuando supo que yo y el resto de la familia ven\u00edamos, \u00e9l casi me rogaba. \u00a1Piero no veng\u00e1is para aca, termina los estudios. \u00bfD\u00f3nde quer\u00e9is estudiar?. En Italia, Alemania o Francia. El quer\u00eda que me formara afuera. Hazte un profesional y despu\u00e9s si quieres vente para ac\u00e1\u00bb.<\/p>\n\n\n\n<figure class=\"wp-block-image size-large\"><img loading=\"lazy\" decoding=\"async\" width=\"1024\" height=\"768\" src=\"https:\/\/entretormentas.com\/wp-content\/uploads\/2025\/05\/turco5-1024x768.jpeg\" alt=\"\" class=\"wp-image-16841\" srcset=\"https:\/\/entretormentas.com\/wp-content\/uploads\/2025\/05\/turco5-1024x768.jpeg 1024w, https:\/\/entretormentas.com\/wp-content\/uploads\/2025\/05\/turco5-300x225.jpeg 300w, https:\/\/entretormentas.com\/wp-content\/uploads\/2025\/05\/turco5-768x576.jpeg 768w, https:\/\/entretormentas.com\/wp-content\/uploads\/2025\/05\/turco5.jpeg 1224w\" sizes=\"(max-width: 1024px) 100vw, 1024px\" \/><\/figure>\n\n\n\n<p><strong>\u00bfUSTED LE HIZO M\u00c1S CASO A SU PRIMO?<\/strong><br>\u00abClaro, porque yo sab\u00eda que la situaci\u00f3n profesional all\u00e1, en aquellos tiempos no me iba a ayudar en nada para hacerme un futuro. Piero, me dec\u00eda el primo, por ejemplo, un vendedor de cafecito en el centro hac\u00eda a diario 200 o 300 bol\u00edvares. La moneda all\u00e1, la lira siria, era igual al cambio que aqu\u00ed a 4, 30 el d\u00f3lar.<\/p>\n\n\n\n<p>\u00abYo\u00bb, prosigue, \u00absab\u00eda que no me pod\u00eda regresar porque hab\u00edamos vendido el apartamento que ten\u00edamos all\u00e1 y el dinero lo trajimos como un capital para arrancar un negocio aqu\u00ed. Cuando \u00e9l &#8211;su hermano Abelardo&#8211; me pregunt\u00f3, le contest\u00e9 que no iba a seguir estudiando. Yo voy para all\u00e1 le dije y para venirme yo s\u00f3lo, cuando mi hermano y mi pap\u00e1 estaban aqu\u00ed, decidimos venirnos toda la familia\u00bb.<\/p>\n\n\n\n<p><strong>APASIONADO DE LA GAITA<\/strong><br>En mi larga carrera en el periodismo por primera vez me consigo con una persona que no habiendo nacido en otra regi\u00f3n de Venezuela, sino muy lejos de nuestras fronteras, le apasione, guste y disfrute tanto el g\u00e9nero musical por excelencia del estado Zulia: la gaita.<\/p>\n\n\n\n<p>En su casa vive s\u00f3lo con la mujer que le flech\u00f3 el coraz\u00f3n cuando \u00e9l ten\u00eda 45 a\u00f1os. Piero Sakkal emulando a un buen timonel de barco, arri\u00f3 a esa edad las velas de la solter\u00eda. Decidi\u00f3 unirse con la zuliana, Mar\u00eda Virginia Leal Araujo, de cuya uni\u00f3n nacieron Mar\u00eda Virginia y Mar\u00eda Pierina, profesionales de la arquitectura y la contadur\u00eda p\u00fablica, respectivamente, ambas fuera del pa\u00eds.<\/p>\n\n\n\n<figure class=\"wp-block-image size-large\"><img loading=\"lazy\" decoding=\"async\" width=\"1024\" height=\"768\" src=\"https:\/\/entretormentas.com\/wp-content\/uploads\/2025\/05\/turco6-1024x768.jpeg\" alt=\"\" class=\"wp-image-16842\" srcset=\"https:\/\/entretormentas.com\/wp-content\/uploads\/2025\/05\/turco6-1024x768.jpeg 1024w, https:\/\/entretormentas.com\/wp-content\/uploads\/2025\/05\/turco6-300x225.jpeg 300w, https:\/\/entretormentas.com\/wp-content\/uploads\/2025\/05\/turco6-768x576.jpeg 768w, https:\/\/entretormentas.com\/wp-content\/uploads\/2025\/05\/turco6.jpeg 1224w\" sizes=\"(max-width: 1024px) 100vw, 1024px\" \/><\/figure>\n\n\n\n<p>Ellas hoy atienden a sus padres en reciprocidad no s\u00f3lo como deber de un buen hijo. Son sus descendientes directas, formadas en valores cristianos aprendidos en el hogar. No s\u00f3lo les dieron la vida, sino valores cat\u00f3licos y familiares en la ense\u00f1anza recibida a diario bajo el techo donde crecieron. Piero Sakkal y su esposa, Mar\u00eda Virginia, s\u00f3lo est\u00e1n a la espera del d\u00eda de poder ver el nacimiento de los nietos.<\/p>\n\n\n\n<p>Cree que por muchos a\u00f1os el gusto por la gaita ha sido la mejor conexi\u00f3n entre \u00e9l y la gente de Maracaibo. Lo que lo \u00abamarr\u00f3\u00bb, acerc\u00f3 y lo condujo a ser parte de sentirse \u00abotro maracucho\u00bb, es la manera y conducta del \u00abser maracucho, su autenticidad y sinceridad. Eso pega mucho, es la qu\u00edmica con mi manera de ser. Me gust\u00f3 mucho.<\/p>\n\n\n\n<p>\u00abMuchos paisanos me dec\u00edan, \u00bfverga no parec\u00e9is \u00e1rabe? \u00bfc\u00f3mo qu\u00e9 ya se te olvid\u00f3?. Una persona como yo ten\u00eda CD, en aquellos tiempos como 200 de gaitas y en casettes como diez de m\u00fasica \u00e1rabe. En Venezuela me siguen gustando tres cosas. Sus paisajes, su m\u00fasica y otra que no puedo por la edad &#8211;risas&#8211;. Agrega que \u00abadora la m\u00fasica venezolana. Me fascina\u00bb.<\/p>\n\n\n\n<p>En dos sitios de su residencia, Piero Sakkal tiene radios receptores a trav\u00e9s de los cuales escucha sus programas gaiteros favoritos, porque \u00abla gaita me apasiona\u00bb. Cercano a cumplir seis d\u00e9cadas en su patria adoptiva no olvida la tierra donde vino al mundo. Quiso regresar de visita 15 a\u00f1os atr\u00e1s, llevando a sus hijas aun peque\u00f1as, pero la seguridad personal en el Medio Oriente no era, hoy tampoco, garant\u00eda para exponer a su familia.<\/p>\n\n\n\n<p>Esta es la historia de vida de Piero Sakkal, otro inmigrante merecedor de un bien ganado \u00abCertificado de Zulianidad\u00bb. Lleg\u00f3 a la Tierra del Sol Amada a contribuir con el desarrollo del estado Zulia, desde su puesto de lucha en la actividad comercial ambulante y la carpinter\u00eda, cuando tocaba cada puerta de muchos hogares de Maracaibo, anunciando: \u00abSe\u00f1ora lleg\u00f3 el turco\u00bb.<br><strong><em>Por Jos\u00e9 Aranguibel Carrasco<br>Fotos: Euclides Molleda<\/em><\/strong><\/p>\n\n\n\n<p><\/p>\n","protected":false},"excerpt":{"rendered":"<p>ENTRE TORMENTAS. Piero Sakkal, tiene 79 a\u00f1os, naci\u00f3 en la ciudad de Alepo y hoy&#8230;<\/p>\n","protected":false},"author":2,"featured_media":16843,"comment_status":"closed","ping_status":"open","sticky":false,"template":"","format":"standard","meta":{"footnotes":""},"categories":[57,1],"tags":[],"class_list":["post-16837","post","type-post","status-publish","format-standard","has-post-thumbnail","hentry","category-actualidad","category-regionales"],"_links":{"self":[{"href":"https:\/\/entretormentas.com\/index.php?rest_route=\/wp\/v2\/posts\/16837","targetHints":{"allow":["GET"]}}],"collection":[{"href":"https:\/\/entretormentas.com\/index.php?rest_route=\/wp\/v2\/posts"}],"about":[{"href":"https:\/\/entretormentas.com\/index.php?rest_route=\/wp\/v2\/types\/post"}],"author":[{"embeddable":true,"href":"https:\/\/entretormentas.com\/index.php?rest_route=\/wp\/v2\/users\/2"}],"replies":[{"embeddable":true,"href":"https:\/\/entretormentas.com\/index.php?rest_route=%2Fwp%2Fv2%2Fcomments&post=16837"}],"version-history":[{"count":1,"href":"https:\/\/entretormentas.com\/index.php?rest_route=\/wp\/v2\/posts\/16837\/revisions"}],"predecessor-version":[{"id":16844,"href":"https:\/\/entretormentas.com\/index.php?rest_route=\/wp\/v2\/posts\/16837\/revisions\/16844"}],"wp:featuredmedia":[{"embeddable":true,"href":"https:\/\/entretormentas.com\/index.php?rest_route=\/wp\/v2\/media\/16843"}],"wp:attachment":[{"href":"https:\/\/entretormentas.com\/index.php?rest_route=%2Fwp%2Fv2%2Fmedia&parent=16837"}],"wp:term":[{"taxonomy":"category","embeddable":true,"href":"https:\/\/entretormentas.com\/index.php?rest_route=%2Fwp%2Fv2%2Fcategories&post=16837"},{"taxonomy":"post_tag","embeddable":true,"href":"https:\/\/entretormentas.com\/index.php?rest_route=%2Fwp%2Fv2%2Ftags&post=16837"}],"curies":[{"name":"wp","href":"https:\/\/api.w.org\/{rel}","templated":true}]}}