{"id":16845,"date":"2025-05-19T11:14:06","date_gmt":"2025-05-19T09:14:06","guid":{"rendered":"https:\/\/entretormentas.com\/?p=16845"},"modified":"2025-05-19T11:14:07","modified_gmt":"2025-05-19T09:14:07","slug":"nueva-era-leon-xiv-inicia-pontificado-con-llamado-a-la-paz-en-el-mundo-y-a-la-unidad","status":"publish","type":"post","link":"https:\/\/entretormentas.com\/nueva-era-leon-xiv-inicia-pontificado-con-llamado-a-la-paz-en-el-mundo-y-a-la-unidad\/","title":{"rendered":"\u00a1NUEVA ERA! Le\u00f3n XIV inicia pontificado con llamado a la paz en el mundo y a la unidad"},"content":{"rendered":"\n<p><strong>ENTRE TORMENTAS.<\/strong> El papa Le\u00f3n XIV inaugur\u00f3 este domingo su magisterio con una misa en que le fueron impuestos los s\u00edmbolos del poder papal, el palio y el Anillo del Pescador, y en la que pronunci\u00f3 un encendido llamamiento a la unidad en la iglesia y la paz en un mundo marcado por \u00abdemasiado odio y prejuicios\u00bb.<\/p>\n\n\n\n<p>La jornada comenz\u00f3 con el primer paseo del nuevo pont\u00edfice a bordo del papam\u00f3vil, recorriendo la plaza de San Pedro y toda la V\u00eda de la Conciliaci\u00f3n para saludar a las cerca de 200 mil personas que llegaron a las inmediaciones vaticanas para acceder a la ceremonia.<\/p>\n\n\n\n<p>Despu\u00e9s, accedi\u00f3 a la bas\u00edlica para rezar ante el lugar donde, seg\u00fan la tradici\u00f3n, fue enterrado el ap\u00f3stol Pedro, bajo el gran baldaquino de Bernini. En ese preciso lugar le fueron tambi\u00e9n colocados los dos s\u00edmbolos del poder pontificio: el palio, una estola de lana blanca que se pone sobre los hombros del papa, como una oveja sobre su pastor, y el Anillo del Pescador que llevar\u00e1 hasta su muerte o renuncia.<\/p>\n\n\n\n<figure class=\"wp-block-image size-large\"><img fetchpriority=\"high\" decoding=\"async\" width=\"1024\" height=\"755\" src=\"https:\/\/entretormentas.com\/wp-content\/uploads\/2025\/05\/leon2-1024x755.jpeg\" alt=\"\" class=\"wp-image-16846\" srcset=\"https:\/\/entretormentas.com\/wp-content\/uploads\/2025\/05\/leon2-1024x755.jpeg 1024w, https:\/\/entretormentas.com\/wp-content\/uploads\/2025\/05\/leon2-300x221.jpeg 300w, https:\/\/entretormentas.com\/wp-content\/uploads\/2025\/05\/leon2-768x566.jpeg 768w, https:\/\/entretormentas.com\/wp-content\/uploads\/2025\/05\/leon2-1536x1132.jpeg 1536w, https:\/\/entretormentas.com\/wp-content\/uploads\/2025\/05\/leon2.jpeg 1586w\" sizes=\"(max-width: 1024px) 100vw, 1024px\" \/><\/figure>\n\n\n\n<p>Le\u00f3n XIV rez\u00f3 en silencio en este sugestivo lugar y ante los s\u00edmbolos que lo representar\u00e1n. Despu\u00e9s procesion\u00f3 con su b\u00e1culo pastoral hasta la plaza, acompa\u00f1ado por una larga fila de cl\u00e9rigos encabezada por los di\u00e1conos que alzaban el Evangelio.<\/p>\n\n\n\n<p>La misa de inicio del ministerio petrino de Le\u00f3n XVI se celebr\u00f3 en la plaza, a los pies de la bas\u00edlica vaticana, ante miles de fieles y autoridades y representantes de 150 pa\u00edses y organizaciones.<\/p>\n\n\n\n<p>Con todos ellos como testigos, el nuevo papa recibi\u00f3 sobre sus hombros el palio, decorado con seis cruces negras de seda y enganchado con tres alfileres que evocan los clavos de Cristo.<\/p>\n\n\n\n<p>Despu\u00e9s, el cardenal filipino Luis Antonio Tagle coloc\u00f3 en su mano derecha el Anillo del Pescador, de oro y que representa a San Pedro con las redes, como el pescador de la fe.<\/p>\n\n\n\n<p><strong>ANTE LOS REYES DE ESPA\u00d1A<\/strong><br>La era de Le\u00f3n XIV hab\u00eda comenzado y el nuevo pont\u00edfice se miraba la mano visiblemente conmovido, casi reteniendo las l\u00e1grimas, mientras desde la plaza se elevaba un sonoro aplauso.<\/p>\n\n\n\n<p>Entre las autoridades y dignatarios que asistieron a este momento hist\u00f3rico estuvieron los reyes de Espa\u00f1a, Felipe VI y do\u00f1a Letizia, vestida rigurosamente de blanco como manda la tradici\u00f3n para las reinas cat\u00f3licas europeas.<\/p>\n\n\n\n<p>Las primeras filas de la misa fueron reservadas para los dos pa\u00edses del nuevo papa: el natal, Estados Unidos, con la presencia del vicepresidente JD Vance y el secretario de Estado, Marco Rubio; y el de elecci\u00f3n, Per\u00fa, donde fue misionero y obispo gran parte de su vida y desde el que lleg\u00f3 la presidenta Dina Boluarte.<\/p>\n\n\n\n<p>En la plaza vaticana tambi\u00e9n se vivieron gestos de distensi\u00f3n, como un apret\u00f3n de manos entre Vance y el presidente de Ucrania, Volod\u00edmir Zelenski, despu\u00e9s del encontronazo que ambos encarnaron en febrero con el presidente Donald Trump en el Despacho Oval.<\/p>\n\n\n\n<p><strong>POR LA PAZ Y UNIDAD<\/strong><br>Le\u00f3n XIV pronunci\u00f3 despu\u00e9s su homil\u00eda en la que reconoc\u00eda el alto peso de la misi\u00f3n que le fue encomendada el pasado 8 de mayo, tras el c\u00f3nclave que le eligi\u00f3 sucesor de Francisco y cabeza de una iglesia con alrededor de 1.400 millones de fieles en todo el mundo.<\/p>\n\n\n\n<p>\u00abFui elegido sin tener ning\u00fan m\u00e9rito y, con temor y trepidaci\u00f3n, vengo a ustedes como un hermano\u00bb, confes\u00f3.<\/p>\n\n\n\n<p>El nuevo papa plante\u00f3 una iglesia unida en la que su l\u00edder \u00abnunca debe ceder a la tentaci\u00f3n de ser un l\u00edder solitario\u00bb y que ejerza de \u00abfermento para un mundo reconciliado\u00bb, m\u00e1xime cuando, advirti\u00f3, el mundo vive \u00abdemasiadas heridas causadas por el odio, la violencia, los prejuicios, el miedo a lo diferente, por un paradigma econ\u00f3mico que explota los recursos de la Tierra y margina a los m\u00e1s pobres\u00bb.<\/p>\n\n\n\n<figure class=\"wp-block-image size-full\"><img decoding=\"async\" width=\"481\" height=\"550\" src=\"https:\/\/entretormentas.com\/wp-content\/uploads\/2025\/05\/leon3.jpeg\" alt=\"\" class=\"wp-image-16847\" srcset=\"https:\/\/entretormentas.com\/wp-content\/uploads\/2025\/05\/leon3.jpeg 481w, https:\/\/entretormentas.com\/wp-content\/uploads\/2025\/05\/leon3-262x300.jpeg 262w\" sizes=\"(max-width: 481px) 100vw, 481px\" \/><\/figure>\n\n\n\n<p>Ante este contexto, su idea de \u00abconstruir un mundo nuevo donde reine la paz\u00bb reson\u00f3 con fuerza en la plaza.<\/p>\n\n\n\n<p>Una vez concluida la misa, el pont\u00edfice estadounidense presidi\u00f3 el rezo del Regina Coeli, que sustituye al \u00c1ngelus en periodo pascual, recordando a Francisco y agradeciendo a las delegaciones presentes y a las cofrad\u00edas entre el p\u00fablico llegadas por el Jubileo.<\/p>\n\n\n\n<p>Pero tambi\u00e9n se acord\u00f3 de los conflictos de la actualidad: Le\u00f3n XIV denunci\u00f3 que en la Franja de Gaza \u00ablos ni\u00f1os, las familias y los ancianos supervivientes est\u00e1n pasando hambre\u00bb, unas palabras escuchadas \u2018in situ\u2019 por el presidente israel\u00ed, Isaac Herzog.<\/p>\n\n\n\n<p>As\u00ed como de la \u00abatormentada\u00bb Ucrania que, destac\u00f3, \u00abespera por fin negociaciones para una paz justa y duradera\u00bb, tras las conversaciones abiertas en Estambul entre Mosc\u00fa y Kiev.<\/p>\n\n\n\n<p>Luego fue el momento del besamanos, en el interior de la bas\u00edlica, con Prevost recibiendo durante casi una hora y veinte minutos uno a uno a los cabezas de delegaciones para un saludo, breves charlas y un gesto que rompi\u00f3 el r\u00edgido protocolo vaticano: un abrazo con su hermano mayor Louis.<br><strong><em>ET \/ Agencias<\/em><\/strong><\/p>\n\n\n\n<p><\/p>\n","protected":false},"excerpt":{"rendered":"<p>ENTRE TORMENTAS. El papa Le\u00f3n XIV inaugur\u00f3 este domingo su magisterio con una misa en&#8230;<\/p>\n","protected":false},"author":2,"featured_media":16848,"comment_status":"closed","ping_status":"open","sticky":false,"template":"","format":"standard","meta":{"footnotes":""},"categories":[56,48],"tags":[],"class_list":["post-16845","post","type-post","status-publish","format-standard","has-post-thumbnail","hentry","category-destacadas","category-internacionales"],"_links":{"self":[{"href":"https:\/\/entretormentas.com\/index.php?rest_route=\/wp\/v2\/posts\/16845","targetHints":{"allow":["GET"]}}],"collection":[{"href":"https:\/\/entretormentas.com\/index.php?rest_route=\/wp\/v2\/posts"}],"about":[{"href":"https:\/\/entretormentas.com\/index.php?rest_route=\/wp\/v2\/types\/post"}],"author":[{"embeddable":true,"href":"https:\/\/entretormentas.com\/index.php?rest_route=\/wp\/v2\/users\/2"}],"replies":[{"embeddable":true,"href":"https:\/\/entretormentas.com\/index.php?rest_route=%2Fwp%2Fv2%2Fcomments&post=16845"}],"version-history":[{"count":1,"href":"https:\/\/entretormentas.com\/index.php?rest_route=\/wp\/v2\/posts\/16845\/revisions"}],"predecessor-version":[{"id":16849,"href":"https:\/\/entretormentas.com\/index.php?rest_route=\/wp\/v2\/posts\/16845\/revisions\/16849"}],"wp:featuredmedia":[{"embeddable":true,"href":"https:\/\/entretormentas.com\/index.php?rest_route=\/wp\/v2\/media\/16848"}],"wp:attachment":[{"href":"https:\/\/entretormentas.com\/index.php?rest_route=%2Fwp%2Fv2%2Fmedia&parent=16845"}],"wp:term":[{"taxonomy":"category","embeddable":true,"href":"https:\/\/entretormentas.com\/index.php?rest_route=%2Fwp%2Fv2%2Fcategories&post=16845"},{"taxonomy":"post_tag","embeddable":true,"href":"https:\/\/entretormentas.com\/index.php?rest_route=%2Fwp%2Fv2%2Ftags&post=16845"}],"curies":[{"name":"wp","href":"https:\/\/api.w.org\/{rel}","templated":true}]}}