{"id":16853,"date":"2025-05-19T11:20:01","date_gmt":"2025-05-19T09:20:01","guid":{"rendered":"https:\/\/entretormentas.com\/?p=16853"},"modified":"2025-05-19T11:20:02","modified_gmt":"2025-05-19T09:20:02","slug":"llama-a-parar-esta-situacion-juan-barreto-denuncia-que-sigue-el-acoso-policial-en-su-vivienda","status":"publish","type":"post","link":"https:\/\/entretormentas.com\/llama-a-parar-esta-situacion-juan-barreto-denuncia-que-sigue-el-acoso-policial-en-su-vivienda\/","title":{"rendered":"\u00a1LLAMA A PARAR ESTA SITUACI\u00d3N! Juan Barreto denuncia que sigue el acoso policial en su vivienda"},"content":{"rendered":"\n<p><strong>ENTRE TORMENTAS.<\/strong> De nuevo, cuerpos de seguridad del Estado se mantienen en las afueras de la residencia de Juan Barreto, profesor universitario y exalcalde metropolitano. Este domingo, Barreto hizo la denuncia en su cuenta en la red social X.<\/p>\n\n\n\n<p>\u00abSoy un hombre de paz. No creo en atajos violentos. Defiendo la ruta del di\u00e1logo democr\u00e1tico y trabajo por el entendimiento dentro del marco de la Constituci\u00f3n. Sobre mi y mi familia se ejerce un cerco desproporcionado y un acoso permanente e injustificado desde hace varios meses\u00bb, se\u00f1al\u00f3.<\/p>\n\n\n\n<p>\u00abNo soy un peligro para nadie. Soy un adulto mayor que vive con su familia. \u00bfEs acaso, eso, una amenaza para alguien? \u00bfC\u00f3mo se justifica el uso permanente de numerosos agentes policiales dotados de pasamonta\u00f1as y armas largas bloqueando mi puerta?\u00bb, se pregunt\u00f3.<\/p>\n\n\n\n<figure class=\"wp-block-image size-large\"><img fetchpriority=\"high\" decoding=\"async\" width=\"1024\" height=\"553\" src=\"https:\/\/entretormentas.com\/wp-content\/uploads\/2025\/05\/barre2-1024x553.jpeg\" alt=\"\" class=\"wp-image-16854\" srcset=\"https:\/\/entretormentas.com\/wp-content\/uploads\/2025\/05\/barre2-1024x553.jpeg 1024w, https:\/\/entretormentas.com\/wp-content\/uploads\/2025\/05\/barre2-300x162.jpeg 300w, https:\/\/entretormentas.com\/wp-content\/uploads\/2025\/05\/barre2-768x415.jpeg 768w, https:\/\/entretormentas.com\/wp-content\/uploads\/2025\/05\/barre2.jpeg 1080w\" sizes=\"(max-width: 1024px) 100vw, 1024px\" \/><\/figure>\n\n\n\n<p>Barreto inst\u00f3 a las autoridades a tomar medidas. \u00abHago un llamado a las autoridades para que resuelvan esta situaci\u00f3n irregular. Hago un llamado a las organizaciones de derechos humanos, pues me encuentro en estado de indefensi\u00f3n y vulnerabilidad\u00bb.<\/p>\n\n\n\n<p>El defensor de derechos humanos Marino Alvarado se pronunci\u00f3 sobre esta situaci\u00f3n. \u00abPareciera que el gobierno quisiera implementar una nueva modalidad de represi\u00f3n: imponer casa por c\u00e1rcel aunque no te abran un proceso judicial\u00bb. Insisti\u00f3 en que ejemplo de ello es lo que sucede con Barreto.<\/p>\n\n\n\n<p>Juan Barreto, separado del oficialismo desde hace m\u00e1s de 10 a\u00f1os, ha sido objeto de reiteradas acciones de acoso en su residencia. Este a\u00f1o varios profesores de la Escuela de Comunicaci\u00f3n Social advirtieron que el hostigamiento policial le imped\u00eda, incluso, salir de su residencia para dictar clases.<\/p>\n\n\n\n<p>El comunic\u00f3logo ha insistido en que el pa\u00eds debe abordar la crisis mediante el di\u00e1logo, el entendimiento y la reconciliaci\u00f3n.<br><strong><em>ET \/ Agencias<\/em><\/strong><\/p>\n\n\n\n<p><\/p>\n","protected":false},"excerpt":{"rendered":"<p>ENTRE TORMENTAS. De nuevo, cuerpos de seguridad del Estado se mantienen en las afueras de&#8230;<\/p>\n","protected":false},"author":2,"featured_media":16855,"comment_status":"closed","ping_status":"open","sticky":false,"template":"","format":"standard","meta":{"footnotes":""},"categories":[56,49],"tags":[],"class_list":["post-16853","post","type-post","status-publish","format-standard","has-post-thumbnail","hentry","category-destacadas","category-nacionales"],"_links":{"self":[{"href":"https:\/\/entretormentas.com\/index.php?rest_route=\/wp\/v2\/posts\/16853","targetHints":{"allow":["GET"]}}],"collection":[{"href":"https:\/\/entretormentas.com\/index.php?rest_route=\/wp\/v2\/posts"}],"about":[{"href":"https:\/\/entretormentas.com\/index.php?rest_route=\/wp\/v2\/types\/post"}],"author":[{"embeddable":true,"href":"https:\/\/entretormentas.com\/index.php?rest_route=\/wp\/v2\/users\/2"}],"replies":[{"embeddable":true,"href":"https:\/\/entretormentas.com\/index.php?rest_route=%2Fwp%2Fv2%2Fcomments&post=16853"}],"version-history":[{"count":1,"href":"https:\/\/entretormentas.com\/index.php?rest_route=\/wp\/v2\/posts\/16853\/revisions"}],"predecessor-version":[{"id":16856,"href":"https:\/\/entretormentas.com\/index.php?rest_route=\/wp\/v2\/posts\/16853\/revisions\/16856"}],"wp:featuredmedia":[{"embeddable":true,"href":"https:\/\/entretormentas.com\/index.php?rest_route=\/wp\/v2\/media\/16855"}],"wp:attachment":[{"href":"https:\/\/entretormentas.com\/index.php?rest_route=%2Fwp%2Fv2%2Fmedia&parent=16853"}],"wp:term":[{"taxonomy":"category","embeddable":true,"href":"https:\/\/entretormentas.com\/index.php?rest_route=%2Fwp%2Fv2%2Fcategories&post=16853"},{"taxonomy":"post_tag","embeddable":true,"href":"https:\/\/entretormentas.com\/index.php?rest_route=%2Fwp%2Fv2%2Ftags&post=16853"}],"curies":[{"name":"wp","href":"https:\/\/api.w.org\/{rel}","templated":true}]}}