{"id":16866,"date":"2025-05-19T17:11:37","date_gmt":"2025-05-19T15:11:37","guid":{"rendered":"https:\/\/entretormentas.com\/?p=16866"},"modified":"2025-05-19T17:11:38","modified_gmt":"2025-05-19T15:11:38","slug":"trabajando-capitan-chico-es-atendido-con-jornada-integral-de-la-alcaldia-de-maracaibo","status":"publish","type":"post","link":"https:\/\/entretormentas.com\/trabajando-capitan-chico-es-atendido-con-jornada-integral-de-la-alcaldia-de-maracaibo\/","title":{"rendered":"\u00a1TRABAJANDO! Capit\u00e1n Chico es atendido con Jornada Integral de la Alcald\u00eda de Maracaibo"},"content":{"rendered":"\n<p><strong>ENTRE TORMENTAS. <\/strong>La Alcald\u00eda de Maracaibo a trav\u00e9s de sus diversas direcciones llev\u00f3 este jueves 15 de mayo una Jornada de Atenci\u00f3n Integral para los vecinos del sector Capit\u00e1n Chico, de la parroquia Coquivacoa.<\/p>\n\n\n\n<p>La atenci\u00f3n lleg\u00f3 al sector, luego de una asamblea de vecinos que se realiz\u00f3 en la comunidad con el alcalde encargado, Adri\u00e1n Romero Mart\u00ednez, el pasado viernes 9 de mayo, y que dej\u00f3 como resultado la importancia de fortalecer el bienestar social de esta comunidad.<\/p>\n\n\n\n<p>Para Romero Mart\u00ednez la Jornada de Atenci\u00f3n Integral muestra el compromiso que existe de llevar la gesti\u00f3n municipal directamente a la gente para brindar soluciones.<\/p>\n\n\n\n<figure class=\"wp-block-image size-large\"><img fetchpriority=\"high\" decoding=\"async\" width=\"1024\" height=\"682\" src=\"https:\/\/entretormentas.com\/wp-content\/uploads\/2025\/05\/chico2-1024x682.jpeg\" alt=\"\" class=\"wp-image-16867\" srcset=\"https:\/\/entretormentas.com\/wp-content\/uploads\/2025\/05\/chico2-1024x682.jpeg 1024w, https:\/\/entretormentas.com\/wp-content\/uploads\/2025\/05\/chico2-300x200.jpeg 300w, https:\/\/entretormentas.com\/wp-content\/uploads\/2025\/05\/chico2-768x512.jpeg 768w, https:\/\/entretormentas.com\/wp-content\/uploads\/2025\/05\/chico2-1536x1024.jpeg 1536w, https:\/\/entretormentas.com\/wp-content\/uploads\/2025\/05\/chico2-2048x1365.jpeg 2048w\" sizes=\"(max-width: 1024px) 100vw, 1024px\" \/><\/figure>\n\n\n\n<p>\u201cEstamos muy satisfechos con la receptividad de la comunidad de Capit\u00e1n Chico. Hoy m\u00e1s de 500 personas se estar\u00e1n beneficiando con esta jornada, que incluye diversos servicios que traemos para todos ustedes. Una de las cosas que nos solicitaron fue fumigar y atenci\u00f3n m\u00e9dica, aqu\u00ed estamos cumpli\u00e9ndoles como se los hab\u00edamos prometido\u201d, destac\u00f3 el alcalde encargado.<\/p>\n\n\n\n<p>Durante la jornada, los vecinos de Capit\u00e1n Chico tuvieron acceso a consultas m\u00e9dicas generales, pediatr\u00eda, vacunaci\u00f3n, despistaje de enfermedades como diabetes e hipertensi\u00f3n arterial. Adem\u00e1s, se estren\u00f3 la unidad m\u00f3vil odontol\u00f3gica para atender la salud bucal de los marabinos. En esta jornada de Salud se beneficiaron a 300 pacientes entre adultos y ni\u00f1os.<\/p>\n\n\n\n<p>Claudia Torres, ama de casa, explic\u00f3 que con esta jornada se sienten mucho m\u00e1s atendidos y privilegiados.<\/p>\n\n\n\n<p>\u201cNing\u00fan gobierno nunca se met\u00eda hasta el final de los manglares para atendernos. Esta es como la cuarta o quinta vez que esta gesti\u00f3n entra hasta ac\u00e1 atr\u00e1s para atendernos. La jornada salud fue excelente para nosotros y los ni\u00f1os. Un medicamento vale ahorita mucho dinero y que la Alcald\u00eda lo recete y te lo entregue nos alivia mucho aparte de la jornada de fumigaci\u00f3n que es algo incre\u00edble por la plaga que no se aguanta\u201d, destac\u00f3 la mujer de 45 a\u00f1os.<\/p>\n\n\n\n<figure class=\"wp-block-image size-large\"><img decoding=\"async\" width=\"1024\" height=\"682\" src=\"https:\/\/entretormentas.com\/wp-content\/uploads\/2025\/05\/chico3-1024x682.jpeg\" alt=\"\" class=\"wp-image-16868\" srcset=\"https:\/\/entretormentas.com\/wp-content\/uploads\/2025\/05\/chico3-1024x682.jpeg 1024w, https:\/\/entretormentas.com\/wp-content\/uploads\/2025\/05\/chico3-300x200.jpeg 300w, https:\/\/entretormentas.com\/wp-content\/uploads\/2025\/05\/chico3-768x512.jpeg 768w, https:\/\/entretormentas.com\/wp-content\/uploads\/2025\/05\/chico3-1536x1024.jpeg 1536w, https:\/\/entretormentas.com\/wp-content\/uploads\/2025\/05\/chico3-2048x1365.jpeg 2048w\" sizes=\"(max-width: 1024px) 100vw, 1024px\" \/><\/figure>\n\n\n\n<p>La Direcci\u00f3n General de Desarrollo Social lleg\u00f3 a la comunidad con el Instituto de Sexo Diversidad para dictar charlas de prevenci\u00f3n de embarazos no deseados y enfermedades de transmisi\u00f3n sexual. Adem\u00e1s, de la entrega de ayudas t\u00e9cnicas a vecinos de la comunidad.<\/p>\n\n\n\n<p>Asimismo, colocaron un inflable para la recreaci\u00f3n de los m\u00e1s peque\u00f1os de la casa y peluquer\u00eda y barber\u00eda, donde atendieron m\u00e1s de 195 personas.<\/p>\n\n\n\n<p><strong>FUMIGACI\u00d3N, DESMALEZAMIENTO Y ENTREGAS DEL IVIMA<\/strong><br>La Direcci\u00f3n de Servicio y Mantenimiento Urbano (DISMU) realiz\u00f3 una fumigaci\u00f3n en la zona en la que se atendieron 300 casas, beneficiando a mil 540 personas.<\/p>\n\n\n\n<p>Mar\u00eda Gonz\u00e1lez, residente del sector, indic\u00f3 que en las noches los mosquitos son \u201cinaguantables\u201d, por lo que considera que este trabajo los aliviar\u00e1 un poco.<\/p>\n\n\n\n<figure class=\"wp-block-image size-large\"><img decoding=\"async\" width=\"1024\" height=\"682\" src=\"https:\/\/entretormentas.com\/wp-content\/uploads\/2025\/05\/chico4-1024x682.jpeg\" alt=\"\" class=\"wp-image-16869\" srcset=\"https:\/\/entretormentas.com\/wp-content\/uploads\/2025\/05\/chico4-1024x682.jpeg 1024w, https:\/\/entretormentas.com\/wp-content\/uploads\/2025\/05\/chico4-300x200.jpeg 300w, https:\/\/entretormentas.com\/wp-content\/uploads\/2025\/05\/chico4-768x512.jpeg 768w, https:\/\/entretormentas.com\/wp-content\/uploads\/2025\/05\/chico4-1536x1024.jpeg 1536w, https:\/\/entretormentas.com\/wp-content\/uploads\/2025\/05\/chico4-2048x1365.jpeg 2048w\" sizes=\"(max-width: 1024px) 100vw, 1024px\" \/><\/figure>\n\n\n\n<p>\u201cAnoche que est\u00e1bamos sin servicio el\u00e9ctrico tuvimos que meternos a la playa, porque ya era mucho la comez\u00f3n que ten\u00edamos. La plaga nos iba alzar y se han intensificado mucho m\u00e1s desde que est\u00e1n las lluvias en la zona. Esta fumigaci\u00f3n de verdad que es un alivio para todos\u201d, recalc\u00f3 la mujer de 58 a\u00f1os.<\/p>\n\n\n\n<p>Adem\u00e1s, el Instituto Municipal del Ambiente (IMA) limpi\u00f3 y desmalez\u00f3 desde la entrada de la cancha Rafael Torpedo, dentro de Santa Rosa de Agua; y el Instituto Municipal de Viviendas (IVIMA) entreg\u00f3 16 kit de l\u00e1minas y nueve tanques de agua para el beneficio de 25 personas, gracias a la responsabilidad social empresarial que deja huellas en los sectores: Capit\u00e1n Chico, Elisa Far\u00eda, Teotiste de Gallego, Renato Benuchi, Elio Valmore, Coquivacoa, Juan Pablo P\u00edo, Menca de Leoni, 18 de octubre y El Valle.<\/p>\n\n\n\n<p>Roci\u00f3 Busto, de 45 a\u00f1os ama de casa, indic\u00f3 que debido al sol y al salitre su tanque se deterior\u00f3 y solo le qued\u00f3 la mitad del mismo. \u201cTodav\u00eda no puedo creer que la Alcald\u00eda de Maracaibo en conjunto con los empresarios hoy nos entreguen este beneficio que me va a cambiar la vida, porque ahora si tendr\u00e9 mayor capacidad de almacenar agua.<br><strong><em>ET \/ DCI Alcald\u00eda de Maracaibo<\/em><\/strong><\/p>\n\n\n\n<p><\/p>\n","protected":false},"excerpt":{"rendered":"<p>ENTRE TORMENTAS. La Alcald\u00eda de Maracaibo a trav\u00e9s de sus diversas direcciones llev\u00f3 este jueves&#8230;<\/p>\n","protected":false},"author":2,"featured_media":16870,"comment_status":"closed","ping_status":"open","sticky":false,"template":"","format":"standard","meta":{"footnotes":""},"categories":[57,1],"tags":[],"class_list":["post-16866","post","type-post","status-publish","format-standard","has-post-thumbnail","hentry","category-actualidad","category-regionales"],"_links":{"self":[{"href":"https:\/\/entretormentas.com\/index.php?rest_route=\/wp\/v2\/posts\/16866","targetHints":{"allow":["GET"]}}],"collection":[{"href":"https:\/\/entretormentas.com\/index.php?rest_route=\/wp\/v2\/posts"}],"about":[{"href":"https:\/\/entretormentas.com\/index.php?rest_route=\/wp\/v2\/types\/post"}],"author":[{"embeddable":true,"href":"https:\/\/entretormentas.com\/index.php?rest_route=\/wp\/v2\/users\/2"}],"replies":[{"embeddable":true,"href":"https:\/\/entretormentas.com\/index.php?rest_route=%2Fwp%2Fv2%2Fcomments&post=16866"}],"version-history":[{"count":1,"href":"https:\/\/entretormentas.com\/index.php?rest_route=\/wp\/v2\/posts\/16866\/revisions"}],"predecessor-version":[{"id":16871,"href":"https:\/\/entretormentas.com\/index.php?rest_route=\/wp\/v2\/posts\/16866\/revisions\/16871"}],"wp:featuredmedia":[{"embeddable":true,"href":"https:\/\/entretormentas.com\/index.php?rest_route=\/wp\/v2\/media\/16870"}],"wp:attachment":[{"href":"https:\/\/entretormentas.com\/index.php?rest_route=%2Fwp%2Fv2%2Fmedia&parent=16866"}],"wp:term":[{"taxonomy":"category","embeddable":true,"href":"https:\/\/entretormentas.com\/index.php?rest_route=%2Fwp%2Fv2%2Fcategories&post=16866"},{"taxonomy":"post_tag","embeddable":true,"href":"https:\/\/entretormentas.com\/index.php?rest_route=%2Fwp%2Fv2%2Ftags&post=16866"}],"curies":[{"name":"wp","href":"https:\/\/api.w.org\/{rel}","templated":true}]}}