{"id":16872,"date":"2025-05-19T17:15:57","date_gmt":"2025-05-19T15:15:57","guid":{"rendered":"https:\/\/entretormentas.com\/?p=16872"},"modified":"2025-05-19T17:15:58","modified_gmt":"2025-05-19T15:15:58","slug":"impulsa-el-bienestar-gobernacion-del-zulia-realiza-jornada-mente-en-positivo-en-todo-el-estado","status":"publish","type":"post","link":"https:\/\/entretormentas.com\/impulsa-el-bienestar-gobernacion-del-zulia-realiza-jornada-mente-en-positivo-en-todo-el-estado\/","title":{"rendered":"\u00a1IMPULSA EL BIENESTAR! Gobernaci\u00f3n del Zulia realiza jornada \u201cMente en positivo\u201d en todo el estado"},"content":{"rendered":"\n<p><strong>ENTRE TORMENTAS. <\/strong>En el marco del Plan Zulia Saludable y el Programa de Prevenci\u00f3n para la Salud Mental y Bienestar Bio-Psico-Social, la Gobernaci\u00f3n del Zulia despleg\u00f3 este 17 de mayo la jornada integral \u201cMente en positivo\u201d, una iniciativa que promovi\u00f3 la salud mental, la prevenci\u00f3n de enfermedades cr\u00f3nicas y el fortalecimiento del bienestar personal y colectivo a trav\u00e9s de actividades recreativas, deportivas y terap\u00e9uticas.<\/p>\n\n\n\n<p>Esta acci\u00f3n conjunta, organizada por la Secretar\u00eda de Salud, la Secretar\u00eda de Promoci\u00f3n y Prevenci\u00f3n Ciudadana y la Secretar\u00eda de Deportes, se desarroll\u00f3 de manera simult\u00e1nea en m\u00e1s de 50 puntos de atenci\u00f3n distribuidos en las 18 parroquias de Maracaibo y en los 21 municipios que conforman el Zulia.<\/p>\n\n\n\n<figure class=\"wp-block-image size-large\"><img fetchpriority=\"high\" decoding=\"async\" width=\"1024\" height=\"768\" src=\"https:\/\/entretormentas.com\/wp-content\/uploads\/2025\/05\/mente2-1024x768.jpeg\" alt=\"\" class=\"wp-image-16873\" srcset=\"https:\/\/entretormentas.com\/wp-content\/uploads\/2025\/05\/mente2-1024x768.jpeg 1024w, https:\/\/entretormentas.com\/wp-content\/uploads\/2025\/05\/mente2-300x225.jpeg 300w, https:\/\/entretormentas.com\/wp-content\/uploads\/2025\/05\/mente2-768x576.jpeg 768w, https:\/\/entretormentas.com\/wp-content\/uploads\/2025\/05\/mente2-1536x1152.jpeg 1536w, https:\/\/entretormentas.com\/wp-content\/uploads\/2025\/05\/mente2-2048x1536.jpeg 2048w\" sizes=\"(max-width: 1024px) 100vw, 1024px\" \/><\/figure>\n\n\n\n<p>La jornada \u201cMente en positivo\u201d ofreci\u00f3 una amplia gama de servicios gratuitos para la poblaci\u00f3n, incluyendo:<\/p>\n\n\n\n<p>*Bailoterapia como ejercicio para la salud f\u00edsica y emocional.<br>*Orientaci\u00f3n en salud mental a cargo de profesionales especializados.<br>*Determinaci\u00f3n de factores de riesgo para la diabetes e hipertensi\u00f3n arterial.<br>*Actividades recreativas y deportivas dirigidas a ni\u00f1os, j\u00f3venes y adultos.<br>*Risoterapia para reducir el estr\u00e9s y mejorar el estado de \u00e1nimo.<br>*Arteterapia como herramienta de expresi\u00f3n y manejo emocional.<\/p>\n\n\n\n<figure class=\"wp-block-image size-large\"><img decoding=\"async\" width=\"768\" height=\"1024\" src=\"https:\/\/entretormentas.com\/wp-content\/uploads\/2025\/05\/mente3-768x1024.jpeg\" alt=\"\" class=\"wp-image-16874\" srcset=\"https:\/\/entretormentas.com\/wp-content\/uploads\/2025\/05\/mente3-768x1024.jpeg 768w, https:\/\/entretormentas.com\/wp-content\/uploads\/2025\/05\/mente3-225x300.jpeg 225w, https:\/\/entretormentas.com\/wp-content\/uploads\/2025\/05\/mente3-1152x1536.jpeg 1152w, https:\/\/entretormentas.com\/wp-content\/uploads\/2025\/05\/mente3-1536x2048.jpeg 1536w, https:\/\/entretormentas.com\/wp-content\/uploads\/2025\/05\/mente3-1024x1365.jpeg 1024w, https:\/\/entretormentas.com\/wp-content\/uploads\/2025\/05\/mente3.jpeg 1920w\" sizes=\"(max-width: 768px) 100vw, 768px\" \/><\/figure>\n\n\n\n<p>El secretario de Salud, Diego Mu\u00f1oz destac\u00f3 que est\u00e1 jornada forma parte de una pol\u00edtica p\u00fablica orientada a fortalecer el bienestar integral de las familias zulianas, llevando servicios preventivos y atenci\u00f3n psicosocial directamente a las comunidades.<\/p>\n\n\n\n<p>\u201cEn tiempos donde el bienestar emocional es tan importante como el f\u00edsico, estamos comprometidos con un enfoque de salud integral que incluya la mente, el cuerpo y el entorno social. Por eso seguimos llevando estas iniciativas a cada rinc\u00f3n del Zulia\u201d, afirm\u00f3 la m\u00e1xima autoridad de Secretar\u00eda de Salud\u201c.<\/p>\n\n\n\n<p>\u201cMente en positivo\u201d reafirma el compromiso del Gobernador Manuel Rosales Guerrero con la promoci\u00f3n de estilos de vida saludables, la atenci\u00f3n preventiva y el fortalecimiento del tejido social en cada comunidad.<br><strong><em>ET \/ Nota de Prensa<\/em><\/strong><\/p>\n\n\n\n<p><\/p>\n","protected":false},"excerpt":{"rendered":"<p>ENTRE TORMENTAS. En el marco del Plan Zulia Saludable y el Programa de Prevenci\u00f3n para&#8230;<\/p>\n","protected":false},"author":2,"featured_media":16875,"comment_status":"closed","ping_status":"open","sticky":false,"template":"","format":"standard","meta":{"footnotes":""},"categories":[57,1],"tags":[],"class_list":["post-16872","post","type-post","status-publish","format-standard","has-post-thumbnail","hentry","category-actualidad","category-regionales"],"_links":{"self":[{"href":"https:\/\/entretormentas.com\/index.php?rest_route=\/wp\/v2\/posts\/16872","targetHints":{"allow":["GET"]}}],"collection":[{"href":"https:\/\/entretormentas.com\/index.php?rest_route=\/wp\/v2\/posts"}],"about":[{"href":"https:\/\/entretormentas.com\/index.php?rest_route=\/wp\/v2\/types\/post"}],"author":[{"embeddable":true,"href":"https:\/\/entretormentas.com\/index.php?rest_route=\/wp\/v2\/users\/2"}],"replies":[{"embeddable":true,"href":"https:\/\/entretormentas.com\/index.php?rest_route=%2Fwp%2Fv2%2Fcomments&post=16872"}],"version-history":[{"count":1,"href":"https:\/\/entretormentas.com\/index.php?rest_route=\/wp\/v2\/posts\/16872\/revisions"}],"predecessor-version":[{"id":16876,"href":"https:\/\/entretormentas.com\/index.php?rest_route=\/wp\/v2\/posts\/16872\/revisions\/16876"}],"wp:featuredmedia":[{"embeddable":true,"href":"https:\/\/entretormentas.com\/index.php?rest_route=\/wp\/v2\/media\/16875"}],"wp:attachment":[{"href":"https:\/\/entretormentas.com\/index.php?rest_route=%2Fwp%2Fv2%2Fmedia&parent=16872"}],"wp:term":[{"taxonomy":"category","embeddable":true,"href":"https:\/\/entretormentas.com\/index.php?rest_route=%2Fwp%2Fv2%2Fcategories&post=16872"},{"taxonomy":"post_tag","embeddable":true,"href":"https:\/\/entretormentas.com\/index.php?rest_route=%2Fwp%2Fv2%2Ftags&post=16872"}],"curies":[{"name":"wp","href":"https:\/\/api.w.org\/{rel}","templated":true}]}}