{"id":16900,"date":"2025-05-19T22:12:06","date_gmt":"2025-05-19T20:12:06","guid":{"rendered":"https:\/\/entretormentas.com\/?p=16900"},"modified":"2025-05-19T22:12:07","modified_gmt":"2025-05-19T20:12:07","slug":"apoyo-femenino-vigor-y-liderazgo-de-la-mujer-zuliana-declara-su-respaldo-a-luis-caldera","status":"publish","type":"post","link":"https:\/\/entretormentas.com\/apoyo-femenino-vigor-y-liderazgo-de-la-mujer-zuliana-declara-su-respaldo-a-luis-caldera\/","title":{"rendered":"\u00a1APOYO FEMENINO! Vigor y liderazgo de la mujer zuliana declara su respaldo a Luis Caldera"},"content":{"rendered":"\n<p><strong>ENTRE TORMENTAS. <\/strong>La fuerza femenina zuliana representada en el vigor y liderazgo de comuneras, docentes, emprendedoras, ind\u00edgenas, promotoras de parto humanizado, campesinas, polic\u00edas, estudiantes, expresaron en un multitudinario encuentro su respaldo a Luis Caldera, a quien declararon como el gobernador feminista del Zulia.<\/p>\n\n\n\n<p>Enunciando su respaldo al candidato del Gran Polo Patri\u00f3tico Sim\u00f3n Bol\u00edvar (GPPSB), las f\u00e9minas del Zulia contaron con la compa\u00f1\u00eda de la ministra de la Mujer e Igualdad de G\u00e9nero, Yeliza Santaella y las diputa de la Asamblea Nacional Nohel\u00ed Pocaterra y Mar\u00eda Le\u00f3n, quien, en un acto de simbolismo patriota, le hizo entrega de la r\u00e9plica de la espada del pr\u00f3cer zuliano General Rafael Urdaneta.<\/p>\n\n\n\n<p>\u201cEl 25 vamos a tener las mujeres una victoria arrasadora con Luis Caldera, quien, as\u00ed como transform\u00f3 el municipio Mara, va a transformar todo el estado Zulia. Ya lo dijo Ch\u00e1vez, Caldera es el mejor alcalde y, ahora, la Leona dice que va a ser el mejor gobernador\u201d, exclam\u00f3 la diputada Le\u00f3n al entregar la r\u00e9plica del m\u00e1s leal a Sim\u00f3n Bol\u00edvar.<\/p>\n\n\n\n<figure class=\"wp-block-image size-large\"><img fetchpriority=\"high\" decoding=\"async\" width=\"1024\" height=\"683\" src=\"https:\/\/entretormentas.com\/wp-content\/uploads\/2025\/05\/mujereslc2-1024x683.jpeg\" alt=\"\" class=\"wp-image-16901\" srcset=\"https:\/\/entretormentas.com\/wp-content\/uploads\/2025\/05\/mujereslc2-1024x683.jpeg 1024w, https:\/\/entretormentas.com\/wp-content\/uploads\/2025\/05\/mujereslc2-300x200.jpeg 300w, https:\/\/entretormentas.com\/wp-content\/uploads\/2025\/05\/mujereslc2-768x512.jpeg 768w, https:\/\/entretormentas.com\/wp-content\/uploads\/2025\/05\/mujereslc2.jpeg 1280w\" sizes=\"(max-width: 1024px) 100vw, 1024px\" \/><\/figure>\n\n\n\n<p>En su intervenci\u00f3n en la asamblea, asistida tambi\u00e9n por las candidatas a diputadas y legisladoras por el GPPSB, Caldera ratific\u00f3 su juramento de estar al lado de todas las mujeres, escuchando sus opiniones y consejos para lograr en el estado los planes dirigidos a las zulianas y a las familias.<\/p>\n\n\n\n<p>Expres\u00f3 que, con el apoyo del sector femenino, al que puntualiz\u00f3 le dar\u00e1 un papel protag\u00f3nico en la Gobernaci\u00f3n, lograr\u00e1 que en los 21 municipios de la regi\u00f3n se garantice el derecho a la salud y a todos los programas de prevenci\u00f3n en las mujeres en sus distintas etapas de la vida, tambi\u00e9n redoblar el trabajo para cumplir con los programas de formaci\u00f3n y capacitaci\u00f3n constante, as\u00ed como anunci\u00f3 la creaci\u00f3n de un fondo de financiamiento para todos los proyectos.<\/p>\n\n\n\n<p>Tambi\u00e9n comunic\u00f3 el regreso de la Secretar\u00eda de la Mujer e igualdad de g\u00e9nero, \u201cpara que retorne desde la Gobernaci\u00f3n la protecci\u00f3n, el amor para erradicar la violencia contra la mujer\u201d.<\/p>\n\n\n\n<p>\u201cHoy es un d\u00eda de compromiso y lealtad. El sable del General Urdaneta no solo es un s\u00edmbolo, es un juramento, es un compromiso de vida con todas ustedes y por ello con su compa\u00f1\u00eda, nos preparamos para esta gran victoria\u201d, subray\u00f3.<\/p>\n\n\n\n<p><strong>EXPRESI\u00d3N FEMENINA<\/strong><br>Saida G\u00f3mez, promotora del programa Lactancia Materna de la parroquia Manuel Dagnino, dijo que Caldera tienen en primera fila a las mujeres que buscar\u00e1n y defender\u00e1n el voto este domingo 25 de mayo, porque \u00e9l gobernar\u00e1 para todas las zulianas y para las familias, como lo hizo en su gesti\u00f3n de 20 a\u00f1os en Mara.<\/p>\n\n\n\n<figure class=\"wp-block-image size-large\"><img decoding=\"async\" width=\"1024\" height=\"683\" src=\"https:\/\/entretormentas.com\/wp-content\/uploads\/2025\/05\/mujereslc3-1024x683.jpeg\" alt=\"\" class=\"wp-image-16902\" srcset=\"https:\/\/entretormentas.com\/wp-content\/uploads\/2025\/05\/mujereslc3-1024x683.jpeg 1024w, https:\/\/entretormentas.com\/wp-content\/uploads\/2025\/05\/mujereslc3-300x200.jpeg 300w, https:\/\/entretormentas.com\/wp-content\/uploads\/2025\/05\/mujereslc3-768x512.jpeg 768w, https:\/\/entretormentas.com\/wp-content\/uploads\/2025\/05\/mujereslc3.jpeg 1280w\" sizes=\"(max-width: 1024px) 100vw, 1024px\" \/><\/figure>\n\n\n\n<p>\u201c\u00c9l es un hombre feminista, que apoya y quiere el progreso para nosotras, a quienes defiende su liderazgo, a su familia. Luis respeta y le da su espacio a las mujeres que han defendido la revoluci\u00f3n con u\u00f1as y dientes, porque es la que m\u00e1s ha sido atacada. Con estaremos en el lugar que nos corresponde, en la vanguardia\u201d, sum\u00f3.<\/p>\n\n\n\n<p>De la parroquia Chiquinquir\u00e1, Mar\u00eda Echeverr\u00eda, dijo con fervor que su apoyo al candidato Caldera, estar\u00e1 presente el pr\u00f3ximo domingo 25, movilizando, defendiendo, resguardando y celebrando cada uno de los votos, para garantizar a un gobernador que est\u00e9 al frente, acompa\u00f1ando las batallas feministas.<\/p>\n\n\n\n<p>Mientras tanto, Gladila Manzilla, se mostr\u00f3 emocionada al exponer que Caldera cumple con el legado del Comandante Ch\u00e1vez y las acciones del presidente Nicol\u00e1s Maduro para el beneficio y protecci\u00f3n de las mujeres.<\/p>\n\n\n\n<p>\u201cEstamos preparadas en cada mesa y centro de votaci\u00f3n para defender el voto feminista y de toda la familia. Esta nueva batalla por el bien de todos los zulianos es de victoria para nuestro futuro gobernador feminista\u201d, recalc\u00f3.<br><strong><em>ET \/ Prensa PSUV Zulia<\/em><\/strong><\/p>\n\n\n\n<p><\/p>\n","protected":false},"excerpt":{"rendered":"<p>ENTRE TORMENTAS. La fuerza femenina zuliana representada en el vigor y liderazgo de comuneras, docentes,&#8230;<\/p>\n","protected":false},"author":2,"featured_media":16903,"comment_status":"closed","ping_status":"open","sticky":false,"template":"","format":"standard","meta":{"footnotes":""},"categories":[57,1],"tags":[],"class_list":["post-16900","post","type-post","status-publish","format-standard","has-post-thumbnail","hentry","category-actualidad","category-regionales"],"_links":{"self":[{"href":"https:\/\/entretormentas.com\/index.php?rest_route=\/wp\/v2\/posts\/16900","targetHints":{"allow":["GET"]}}],"collection":[{"href":"https:\/\/entretormentas.com\/index.php?rest_route=\/wp\/v2\/posts"}],"about":[{"href":"https:\/\/entretormentas.com\/index.php?rest_route=\/wp\/v2\/types\/post"}],"author":[{"embeddable":true,"href":"https:\/\/entretormentas.com\/index.php?rest_route=\/wp\/v2\/users\/2"}],"replies":[{"embeddable":true,"href":"https:\/\/entretormentas.com\/index.php?rest_route=%2Fwp%2Fv2%2Fcomments&post=16900"}],"version-history":[{"count":1,"href":"https:\/\/entretormentas.com\/index.php?rest_route=\/wp\/v2\/posts\/16900\/revisions"}],"predecessor-version":[{"id":16904,"href":"https:\/\/entretormentas.com\/index.php?rest_route=\/wp\/v2\/posts\/16900\/revisions\/16904"}],"wp:featuredmedia":[{"embeddable":true,"href":"https:\/\/entretormentas.com\/index.php?rest_route=\/wp\/v2\/media\/16903"}],"wp:attachment":[{"href":"https:\/\/entretormentas.com\/index.php?rest_route=%2Fwp%2Fv2%2Fmedia&parent=16900"}],"wp:term":[{"taxonomy":"category","embeddable":true,"href":"https:\/\/entretormentas.com\/index.php?rest_route=%2Fwp%2Fv2%2Fcategories&post=16900"},{"taxonomy":"post_tag","embeddable":true,"href":"https:\/\/entretormentas.com\/index.php?rest_route=%2Fwp%2Fv2%2Ftags&post=16900"}],"curies":[{"name":"wp","href":"https:\/\/api.w.org\/{rel}","templated":true}]}}