{"id":16923,"date":"2025-05-20T10:10:39","date_gmt":"2025-05-20T08:10:39","guid":{"rendered":"https:\/\/entretormentas.com\/?p=16923"},"modified":"2025-05-20T10:10:40","modified_gmt":"2025-05-20T08:10:40","slug":"comunicado-gobierno-levanta-medida-de-horario-especial-por-ahorro-energetico","status":"publish","type":"post","link":"https:\/\/entretormentas.com\/comunicado-gobierno-levanta-medida-de-horario-especial-por-ahorro-energetico\/","title":{"rendered":"\u00a1COMUNICADO! Gobierno levanta medida de horario especial por ahorro energ\u00e9tico"},"content":{"rendered":"\n<p><strong>ENTRE TORMENTAS. <\/strong>A partir de este lunes 19 de Mayo se levanta la medida de ahorro energ\u00e9tico y el horario especial, inform\u00f3, a trav\u00e9s de un comunicado emitido por Corporaci\u00f3n El\u00e9ctrica Nacional, S.A. (Corpoelec) con fecha del 17 de mayo, el ministro para la Energ\u00eda El\u00e9ctrica, Jorge Elieser M\u00e1rquez Monsalve, y de Jos\u00e9 Luis Betancourt, presidente de Corpoelec.<\/p>\n\n\n\n<p>\u00abA partir del d\u00eda lunes 19 de mayo de 2025 se levanta la medida de ahorro energ\u00e9tico y el horario especial de trabajo, por lo que se restablece el cumplimiento de los horarios de trabajo en todas las dependencias del Ministerio del Poder Popular para la Energ\u00eda El\u00e9ctrica y de CORPOELEC\u00bb, se\u00f1ala la circular.<\/p>\n\n\n\n<p>Asimismo la nota insta a \u00abcumplir con el horario seg\u00fan lo establecido en la Cl\u00e1usula N\u00b0 45. JORNADA DE TRABAJO de la Convenci\u00f3n Colectiva \u00danica del Trabajo de CORPOELEC 2016-2017\u00bb.<br><strong><em>ET \/ Agencias<\/em><\/strong><\/p>\n","protected":false},"excerpt":{"rendered":"<p>ENTRE TORMENTAS. A partir de este lunes 19 de Mayo se levanta la medida de&#8230;<\/p>\n","protected":false},"author":2,"featured_media":16924,"comment_status":"closed","ping_status":"open","sticky":false,"template":"","format":"standard","meta":{"footnotes":""},"categories":[56,49],"tags":[],"class_list":["post-16923","post","type-post","status-publish","format-standard","has-post-thumbnail","hentry","category-destacadas","category-nacionales"],"_links":{"self":[{"href":"https:\/\/entretormentas.com\/index.php?rest_route=\/wp\/v2\/posts\/16923","targetHints":{"allow":["GET"]}}],"collection":[{"href":"https:\/\/entretormentas.com\/index.php?rest_route=\/wp\/v2\/posts"}],"about":[{"href":"https:\/\/entretormentas.com\/index.php?rest_route=\/wp\/v2\/types\/post"}],"author":[{"embeddable":true,"href":"https:\/\/entretormentas.com\/index.php?rest_route=\/wp\/v2\/users\/2"}],"replies":[{"embeddable":true,"href":"https:\/\/entretormentas.com\/index.php?rest_route=%2Fwp%2Fv2%2Fcomments&post=16923"}],"version-history":[{"count":1,"href":"https:\/\/entretormentas.com\/index.php?rest_route=\/wp\/v2\/posts\/16923\/revisions"}],"predecessor-version":[{"id":16925,"href":"https:\/\/entretormentas.com\/index.php?rest_route=\/wp\/v2\/posts\/16923\/revisions\/16925"}],"wp:featuredmedia":[{"embeddable":true,"href":"https:\/\/entretormentas.com\/index.php?rest_route=\/wp\/v2\/media\/16924"}],"wp:attachment":[{"href":"https:\/\/entretormentas.com\/index.php?rest_route=%2Fwp%2Fv2%2Fmedia&parent=16923"}],"wp:term":[{"taxonomy":"category","embeddable":true,"href":"https:\/\/entretormentas.com\/index.php?rest_route=%2Fwp%2Fv2%2Fcategories&post=16923"},{"taxonomy":"post_tag","embeddable":true,"href":"https:\/\/entretormentas.com\/index.php?rest_route=%2Fwp%2Fv2%2Ftags&post=16923"}],"curies":[{"name":"wp","href":"https:\/\/api.w.org\/{rel}","templated":true}]}}