{"id":16937,"date":"2025-05-20T17:54:10","date_gmt":"2025-05-20T15:54:10","guid":{"rendered":"https:\/\/entretormentas.com\/?p=16937"},"modified":"2025-05-20T17:54:12","modified_gmt":"2025-05-20T15:54:12","slug":"en-los-proximos-dias-gobernador-rosales-inaugurara-el-centro-de-arte-lia-bermudez","status":"publish","type":"post","link":"https:\/\/entretormentas.com\/en-los-proximos-dias-gobernador-rosales-inaugurara-el-centro-de-arte-lia-bermudez\/","title":{"rendered":"\u00a1EN LOS PR\u00d3XIMOS D\u00cdAS! Gobernador Rosales inaugurar\u00e1 el Centro de Arte \u00abL\u00eda Berm\u00fadez\u00bb"},"content":{"rendered":"\n<p><strong>ENTRE TORMENTAS. <\/strong>El trabajo del gobernador Manuel Rosales no se detiene. Este lunes, 19 de mayo, junto con miembros de su Gabinete de Gobierno, inspeccion\u00f3 los trabajos de construcci\u00f3n, recuperaci\u00f3n y modernizaci\u00f3n del Centro de Arte de Maracaibo \u00abL\u00eda Berm\u00fadez\u00bb, ubicado en el Casco Hist\u00f3rico de la capital zuliana y que est\u00e1 pr\u00f3ximo a ser inaugurado.<\/p>\n\n\n\n<p>Durante el recorrido, Rosales record\u00f3 que este espacio ic\u00f3nico de Maracaibo fue, en sus inicios, el Mercado Principal. \u00abEs bueno recordar la historia y documentarla bien, para presentarla el d\u00eda de la inauguraci\u00f3n\u00bb.<\/p>\n\n\n\n<figure class=\"wp-block-image size-large\"><img fetchpriority=\"high\" decoding=\"async\" width=\"1024\" height=\"671\" src=\"https:\/\/entretormentas.com\/wp-content\/uploads\/2025\/05\/lia2-1024x671.jpeg\" alt=\"\" class=\"wp-image-16938\" srcset=\"https:\/\/entretormentas.com\/wp-content\/uploads\/2025\/05\/lia2-1024x671.jpeg 1024w, https:\/\/entretormentas.com\/wp-content\/uploads\/2025\/05\/lia2-300x197.jpeg 300w, https:\/\/entretormentas.com\/wp-content\/uploads\/2025\/05\/lia2-768x503.jpeg 768w, https:\/\/entretormentas.com\/wp-content\/uploads\/2025\/05\/lia2.jpeg 1080w\" sizes=\"(max-width: 1024px) 100vw, 1024px\" \/><\/figure>\n\n\n\n<p>Tambi\u00e9n destac\u00f3 el Gobernador del Zulia que, como todo en la regi\u00f3n, este Centro de Arte fue destruido y abandonado. \u00abAqu\u00ed hemos hecho una inversi\u00f3n gigantesca en la recuperaci\u00f3n del bell\u00edsimo dise\u00f1o de esta obra, de todos los espacios hasta las butacas. Fue el desprecio que se tuvo por la educaci\u00f3n y la cultura\u00bb.<\/p>\n\n\n\n<p>Recalc\u00f3 que los trabajos en el Centro de Arte de Maracaibo es una de las obras que est\u00e1 por inaugurar. \u00abAlgunos sugirieron que lo inauguraramos, pero no lo har\u00e9 hasta que no se concreten todos los detalles. Ademas, tenemos cientos de obras por inaugurar, de manera progresiva, obras grandes e importantes. De tal manera que esto no para. Tenemos inauguraciones para varios meses, adem\u00e1s, de un plan de todo un a\u00f1o para iniciar nuevas obras\u00bb.<\/p>\n\n\n\n<figure class=\"wp-block-image size-large\"><img decoding=\"async\" width=\"1024\" height=\"670\" src=\"https:\/\/entretormentas.com\/wp-content\/uploads\/2025\/05\/lia3-1024x670.jpeg\" alt=\"\" class=\"wp-image-16939\" srcset=\"https:\/\/entretormentas.com\/wp-content\/uploads\/2025\/05\/lia3-1024x670.jpeg 1024w, https:\/\/entretormentas.com\/wp-content\/uploads\/2025\/05\/lia3-300x196.jpeg 300w, https:\/\/entretormentas.com\/wp-content\/uploads\/2025\/05\/lia3-768x503.jpeg 768w, https:\/\/entretormentas.com\/wp-content\/uploads\/2025\/05\/lia3.jpeg 1080w\" sizes=\"(max-width: 1024px) 100vw, 1024px\" \/><\/figure>\n\n\n\n<p>Revel\u00f3 que el Centro de Arte de Maracaibo \u00abL\u00eda Berm\u00fadez\u00bb tendr\u00e1 una nueva vision, no solo para la exposici\u00f3n y eventos culturales. \u00abTenemos una cantidad de espacios que se convertir\u00e1n en centros de formaci\u00f3n, escuelas importantes, similar a la que posee el Centro de Formaci\u00f3n \u00abAndr\u00e9s Eloy Blanco\u00bb, en el edificio de la Secretar\u00eda de Cultura que atiende a m\u00e1s de 3 mil 300 ni\u00f1os, j\u00f3venes y adultos en diferentes manifestaciones culturales. Ser\u00e1n entre 10 y 14 espacios que servir\u00e1n para la formaci\u00f3n de variadas manifestaciones: m\u00fasica cl\u00e1sica, canto, baile, danza, gaita; un plan especial con una nueva visi\u00f3n\u00bb.<\/p>\n\n\n\n<p>Destac\u00f3 que pr\u00f3ximamente tendremos otro centro de formaci\u00f3n cultural, adem\u00e1s de los espacios sat\u00e9lites que se encuentran en cada municipio, para que la formaci\u00f3n llegue a todos los rincones del Zulia.<\/p>\n\n\n\n<figure class=\"wp-block-image size-large\"><img decoding=\"async\" width=\"1024\" height=\"671\" src=\"https:\/\/entretormentas.com\/wp-content\/uploads\/2025\/05\/lia4-1024x671.jpeg\" alt=\"\" class=\"wp-image-16940\" srcset=\"https:\/\/entretormentas.com\/wp-content\/uploads\/2025\/05\/lia4-1024x671.jpeg 1024w, https:\/\/entretormentas.com\/wp-content\/uploads\/2025\/05\/lia4-300x197.jpeg 300w, https:\/\/entretormentas.com\/wp-content\/uploads\/2025\/05\/lia4-768x503.jpeg 768w, https:\/\/entretormentas.com\/wp-content\/uploads\/2025\/05\/lia4.jpeg 1080w\" sizes=\"(max-width: 1024px) 100vw, 1024px\" \/><\/figure>\n\n\n\n<p>Resalt\u00f3 la importancia del Centro de Arte de Maracaibo \u00abL\u00eda Berm\u00fadez\u00bb para el Zulia y Venezuela, ahora con un nuevo plan que conjuga la cultura y la innovaci\u00f3n que incluye la educaci\u00f3n art\u00edstica digital, nuevas corrientes culturales en el mundo. \u00abYa esto est\u00e1 listo. Va a ser un gran espect\u00e1culo el que va a celebrarse pr\u00f3ximamente con la inauguraci\u00f3n de este Centro de Arte\u00bb.<\/p>\n\n\n\n<p>Cabe destacar que en este espacio cultural la Gobernaci\u00f3n restituy\u00f3 el sistema de compresores de los aires acondicionados. \u00abYa est\u00e1n colocados e instalados los nuevos chillers con una capacidad de 150 toneladas cada uno, corrigiendo definitivamente la climatizaci\u00f3n del Centro de Cultura de Maracaibo\u00bb.<\/p>\n\n\n\n<p>El gobernador Rosales resalt\u00f3 que todas estas obras hermosas representan el empuje, el camino que colocar\u00e1 de nuevo al Zulia como la regi\u00f3n potencia de Venezuela y revel\u00f3 que una vez se inaugure el Centro de Arte \u00abL\u00eda Berm\u00fadez\u00bb, iniciar\u00e1 un plan para darle vida, recuperar, en toda su dimensi\u00f3n, a la Plaza Baralt y lo que significa la avenida Libertador.<br><strong><em>ET \/ Nota de Prensa<\/em><\/strong><\/p>\n\n\n\n<p><\/p>\n","protected":false},"excerpt":{"rendered":"<p>ENTRE TORMENTAS. El trabajo del gobernador Manuel Rosales no se detiene. Este lunes, 19 de&#8230;<\/p>\n","protected":false},"author":2,"featured_media":16941,"comment_status":"closed","ping_status":"open","sticky":false,"template":"","format":"standard","meta":{"footnotes":""},"categories":[57,1],"tags":[],"class_list":["post-16937","post","type-post","status-publish","format-standard","has-post-thumbnail","hentry","category-actualidad","category-regionales"],"_links":{"self":[{"href":"https:\/\/entretormentas.com\/index.php?rest_route=\/wp\/v2\/posts\/16937","targetHints":{"allow":["GET"]}}],"collection":[{"href":"https:\/\/entretormentas.com\/index.php?rest_route=\/wp\/v2\/posts"}],"about":[{"href":"https:\/\/entretormentas.com\/index.php?rest_route=\/wp\/v2\/types\/post"}],"author":[{"embeddable":true,"href":"https:\/\/entretormentas.com\/index.php?rest_route=\/wp\/v2\/users\/2"}],"replies":[{"embeddable":true,"href":"https:\/\/entretormentas.com\/index.php?rest_route=%2Fwp%2Fv2%2Fcomments&post=16937"}],"version-history":[{"count":1,"href":"https:\/\/entretormentas.com\/index.php?rest_route=\/wp\/v2\/posts\/16937\/revisions"}],"predecessor-version":[{"id":16942,"href":"https:\/\/entretormentas.com\/index.php?rest_route=\/wp\/v2\/posts\/16937\/revisions\/16942"}],"wp:featuredmedia":[{"embeddable":true,"href":"https:\/\/entretormentas.com\/index.php?rest_route=\/wp\/v2\/media\/16941"}],"wp:attachment":[{"href":"https:\/\/entretormentas.com\/index.php?rest_route=%2Fwp%2Fv2%2Fmedia&parent=16937"}],"wp:term":[{"taxonomy":"category","embeddable":true,"href":"https:\/\/entretormentas.com\/index.php?rest_route=%2Fwp%2Fv2%2Fcategories&post=16937"},{"taxonomy":"post_tag","embeddable":true,"href":"https:\/\/entretormentas.com\/index.php?rest_route=%2Fwp%2Fv2%2Ftags&post=16937"}],"curies":[{"name":"wp","href":"https:\/\/api.w.org\/{rel}","templated":true}]}}