{"id":16953,"date":"2025-05-20T18:05:43","date_gmt":"2025-05-20T16:05:43","guid":{"rendered":"https:\/\/entretormentas.com\/?p=16953"},"modified":"2025-05-20T18:05:44","modified_gmt":"2025-05-20T16:05:44","slug":"vicepresidenta-del-mas-venezolanos-defienden-el-voto-como-instrumento-de-lucha-y-rechazan-modelo-autoritario","status":"publish","type":"post","link":"https:\/\/entretormentas.com\/vicepresidenta-del-mas-venezolanos-defienden-el-voto-como-instrumento-de-lucha-y-rechazan-modelo-autoritario\/","title":{"rendered":"VICEPRESIDENTA DEL MAS: \u00abVenezolanos defienden el voto como instrumento de lucha y rechazan modelo autoritario\u00bb"},"content":{"rendered":"\n<p><strong>ENTRE TORMENTAS. <\/strong>A pocos d\u00edas de celebrarse la jornada electoral del 25 de mayo, la vicepresidenta del MAS, Mar\u00eda Verdeal, asegur\u00f3 que la realidad de los venezolanos dista mucho de la que se plantea en las redes sociales, en las cuales se viralizan campa\u00f1as detestables de supuestos opositores contra otros que s\u00ed apuestan por el voto.<\/p>\n\n\n\n<p>\u00abLa gente est\u00e1 en pie de lucha y seguir\u00e1 participando para lograr los cambios en el pa\u00eds por la v\u00eda pac\u00edfica y electoral\u00bb.<\/p>\n\n\n\n<p>Enfatiz\u00f3 que la jornada del domingo 25 de mayo es una valiosa oportunidad para cambiar la correlaci\u00f3n de las fuerzas pol\u00edticas en la Asamblea Nacional. \u00abEl parlamento es la instancia encargada de ejercer el control sobre los poderes publicos y pudiera convertirse pr\u00f3ximamente en el escenario para la transformaci\u00f3n del Estado ante la posibilidad de una reforma constitucional\u00bb.<\/p>\n\n\n\n<p>Verdeal hizo un llamado a la participaci\u00f3n en estos comicios del 25 de mayo para utilizar el voto como instrumento de lucha y rebeld\u00eda y ratificar adem\u00e1s el rechazo de la mayor\u00eda de los venezolanos a los modelos autoritarios.<\/p>\n\n\n\n<p>\u201c\u00bfVamos a entregar los espacios y dejar de lado la oportunidad generar un cambio para que el pa\u00eds recobre su institucionalidad y los poderes p\u00fablicos se fortalezcan con un justo equilibrio?\u201d, precis\u00f3.<\/p>\n\n\n\n<p>Se\u00f1al\u00f3 que aun en las peores circunstancias o condiciones pol\u00edticas, el MAS seguir\u00e1 luchando y llamando a la participaci\u00f3n electoral y promoviendo la ruta pac\u00edfica y democr\u00e1tica.<\/p>\n\n\n\n<p>En la corta campa\u00f1a que ha emprendido como candidata a la AN por el circuito 1 del estado Miranda (municipios Guaicaipuro, Carrizal y Los Sal\u00edas), la vicepresidenta de la tolda naranja constat\u00f3 el estado de pobreza extrema que supuestamente se hab\u00eda superado y el clamor de sus habitantes para que se resuelvan sus dicultades socioecon\u00f3micas.<\/p>\n\n\n\n<p>Verdeal inst\u00f3 al electorado a no cometer una vez m\u00e1s el error de abstenerse e invit\u00f3 a votar por las tarjetas de Uni\u00f3n y Cambio (UNICA) y Un Nuevo Tiempo (UNT) en todo el territorio nacional, alianza que es apoyada por el MAS y que garantiza testigos y representantes en todas las mesas electorales, incluso en los centros de votaci\u00f3n m\u00e1s remotos.<\/p>\n\n\n\n<p>\u00abQuienes se mantienen en el poder, siendo minor\u00eda o no, solo buscan la desmovilizaci\u00f3n y desesperanza de los ciudadanos, formas incorrectas si se pretenden los cambios necesarios en el pa\u00eds\u00bb.<\/p>\n\n\n\n<p>En torno a la situaci\u00f3n de los migrantes venezolanos y los detenidos en El Salvador, la abogada y candidata abog\u00f3 nuevamente para que sean liberados, repatriados y pueda cesar la violaci\u00f3n sistem\u00e1tica de sus derechos humanos.<\/p>\n\n\n\n<p>De igual manera, alz\u00f3 la voz por la libertad de los presos pol\u00edticos en Venezuela, v\u00edctimas de la violaci\u00f3n del debido proceso.<br><strong><em>ET \/ Prensa MAS<\/em><\/strong><\/p>\n\n\n\n<p><\/p>\n","protected":false},"excerpt":{"rendered":"<p>ENTRE TORMENTAS. A pocos d\u00edas de celebrarse la jornada electoral del 25 de mayo, la&#8230;<\/p>\n","protected":false},"author":2,"featured_media":16954,"comment_status":"closed","ping_status":"open","sticky":false,"template":"","format":"standard","meta":{"footnotes":""},"categories":[56,49],"tags":[],"class_list":["post-16953","post","type-post","status-publish","format-standard","has-post-thumbnail","hentry","category-destacadas","category-nacionales"],"_links":{"self":[{"href":"https:\/\/entretormentas.com\/index.php?rest_route=\/wp\/v2\/posts\/16953","targetHints":{"allow":["GET"]}}],"collection":[{"href":"https:\/\/entretormentas.com\/index.php?rest_route=\/wp\/v2\/posts"}],"about":[{"href":"https:\/\/entretormentas.com\/index.php?rest_route=\/wp\/v2\/types\/post"}],"author":[{"embeddable":true,"href":"https:\/\/entretormentas.com\/index.php?rest_route=\/wp\/v2\/users\/2"}],"replies":[{"embeddable":true,"href":"https:\/\/entretormentas.com\/index.php?rest_route=%2Fwp%2Fv2%2Fcomments&post=16953"}],"version-history":[{"count":1,"href":"https:\/\/entretormentas.com\/index.php?rest_route=\/wp\/v2\/posts\/16953\/revisions"}],"predecessor-version":[{"id":16955,"href":"https:\/\/entretormentas.com\/index.php?rest_route=\/wp\/v2\/posts\/16953\/revisions\/16955"}],"wp:featuredmedia":[{"embeddable":true,"href":"https:\/\/entretormentas.com\/index.php?rest_route=\/wp\/v2\/media\/16954"}],"wp:attachment":[{"href":"https:\/\/entretormentas.com\/index.php?rest_route=%2Fwp%2Fv2%2Fmedia&parent=16953"}],"wp:term":[{"taxonomy":"category","embeddable":true,"href":"https:\/\/entretormentas.com\/index.php?rest_route=%2Fwp%2Fv2%2Fcategories&post=16953"},{"taxonomy":"post_tag","embeddable":true,"href":"https:\/\/entretormentas.com\/index.php?rest_route=%2Fwp%2Fv2%2Ftags&post=16953"}],"curies":[{"name":"wp","href":"https:\/\/api.w.org\/{rel}","templated":true}]}}