{"id":16956,"date":"2025-05-20T18:09:54","date_gmt":"2025-05-20T16:09:54","guid":{"rendered":"https:\/\/entretormentas.com\/?p=16956"},"modified":"2025-05-20T18:18:34","modified_gmt":"2025-05-20T16:18:34","slug":"cavando-su-tumba-politica","status":"publish","type":"post","link":"https:\/\/entretormentas.com\/cavando-su-tumba-politica\/","title":{"rendered":"\u00bfCavando su tumba pol\u00edtica?"},"content":{"rendered":"\n<p><strong><em>\u00abUn error no se convierte en verdad por el hecho de que todo el mundo crea en \u00e9l\u00bb<\/em><\/strong><br><strong>Mahatma Gandhi<\/strong><\/p>\n\n\n\n<p><strong>ENTRE TORMENTAS. <\/strong>El idioma castellano es muy prol\u00edfico, cargado de una riqueza inmensa que lo hace la segunda lengua m\u00e1s hablada del mundo. Nos permite a diario comunicarnos, entendernos y desenvolvernos. Su uso en la cultura, econom\u00eda, salud, educaci\u00f3n, ciencia, deportes o en cualquier actividad no tiene discusi\u00f3n. En pol\u00edtica, por supuesto, tambi\u00e9n es necesario, indispensable, cuando su utilizaci\u00f3n busca elevar el debate o destruir al adversario.<\/p>\n\n\n\n<p>En Venezuela en momentos de decisiones en la confrontaci\u00f3n pol\u00edtica muy similar a la actual que cierra este domingo 25M el debate electoral, cuando la poblaci\u00f3n est\u00e1 llamada a elegir gobernadores, diputados a la Asamblea Nacional y Consejos Legislativos, el idioma permite confirmar que no somos distintos a otros pueblos, cuando el uso de este instrumento de la comunicaci\u00f3n facilita la creaci\u00f3n de formas escritas o habladas que sirven de herramientas de lucha.<\/p>\n\n\n\n<p>Hoy en la confrontaci\u00f3n est\u00e9ril, absurda y lamentable entre los opositores venezolanos desunidos, divididos y dispersos, por el dilema de votar o no el 25M, encontramos que Mar\u00eda Corina Machado, lidera el movimiento contrario a sufragar, abrog\u00e1ndose per se un derecho constitucional de la ciudadan\u00eda en general del pa\u00eds, incluida, la que est\u00e1 en desacuerdo con sus llamados abstencionistas, cuando existe el deseo de expresar un derecho ciudadano.<\/p>\n\n\n\n<p>Es una conducta salpicada de un exagerado ego negativo, muy da\u00f1ino que se manifiesta \u00abcuando una persona antepone sus propios intereses, ignorando la opini\u00f3n de los dem\u00e1s y mostrando falta de empat\u00eda\u00bb, que la coloca en tener una postura sectaria, dogm\u00e1tica y dictatorial que rebasa cualquier l\u00f3gica cuando contradice su propio discurso, &#8211;cercano a cumplir un a\u00f1o&#8211;, en la oportunidad que llam\u00f3 a votar el 28J por Edmundo Gonz\u00e1lez Urrutia.<\/p>\n\n\n\n<p>Ahora, exhibe una posici\u00f3n contraria, distinta y radical con el esfuerzo opositor en el que ella tuvo una posici\u00f3n muy relevante, importante y destacada que permiti\u00f3 unificar a toda la oposici\u00f3n y al ciudadano no militante en organizaciones pol\u00edticas, que ayud\u00f3 a ganar a Edmundo Gonz\u00e1lez Urrutia, &#8211;casi a diez meses de esa victoria&#8211;, que ahora es un motivo en el que su inter\u00e9s egoc\u00e9ntrico parece estar m\u00e1s cercano a ba\u00f1arse de m\u00e1s gloria o cavar su propia tumba pol\u00edtica.<\/p>\n\n\n\n<p>Su actitud revela una dualidad que llega a un descabellado extremo de catalogar de buenos y malos, puros e impuros, leales o traidores a buena parte de los venezolanos que sufragaron el 28J y que el domingo reafirmar\u00e1n esa decisi\u00f3n de la ruta electoral. Sin embargo, separar, parcelar y dividir entre \u00abnosotros\u00bb y \u00abellos\u00bb a los propios opositores, no es otra cosa que mantener viva que la atenci\u00f3n del pa\u00eds debe girar en torno a su figura y no en ning\u00fan otro escenario.<\/p>\n\n\n\n<figure class=\"wp-block-image size-large\"><img fetchpriority=\"high\" decoding=\"async\" width=\"703\" height=\"1024\" src=\"https:\/\/entretormentas.com\/wp-content\/uploads\/2025\/05\/tumba-703x1024.jpeg\" alt=\"\" class=\"wp-image-16957\" srcset=\"https:\/\/entretormentas.com\/wp-content\/uploads\/2025\/05\/tumba-703x1024.jpeg 703w, https:\/\/entretormentas.com\/wp-content\/uploads\/2025\/05\/tumba-206x300.jpeg 206w, https:\/\/entretormentas.com\/wp-content\/uploads\/2025\/05\/tumba-768x1119.jpeg 768w, https:\/\/entretormentas.com\/wp-content\/uploads\/2025\/05\/tumba.jpeg 824w\" sizes=\"(max-width: 703px) 100vw, 703px\" \/><figcaption class=\"wp-element-caption\"><strong>Caricatura: FEYO<\/strong><\/figcaption><\/figure>\n\n\n\n<p>Entiendo que existen personas que con todo el derecho, muy respetables, creen a \u00abciegas\u00bb en cualquier orden que sea indicada por ella. No pensar, analizar o evaluar si es de conveniencia para el pa\u00eds y no para satisfacer porcentajes de popularidad en los estudios de opini\u00f3n p\u00fablica, puede seguir cost\u00e1ndonos la vida misma.<\/p>\n\n\n\n<p>En este caso la culpa no es del ciego sino de quien le da el garrote. No olvidemos la historia de muchos pa\u00edses de Latinoam\u00e9rica donde \u00ablos pueblos se dan el gobierno que quieren\u00bb, cuando elegimos m\u00e1s con la emoci\u00f3n que con la raz\u00f3n.&nbsp;\u00abLa emoci\u00f3n a menudo influye en nuestras decisiones de manera inconsciente y r\u00e1pida, mientras que la raz\u00f3n implica un an\u00e1lisis m\u00e1s deliberado y consciente. \u00bfNo hemos&nbsp;aprendido cu\u00e1ndo est\u00e1bamos en 1.998 y d\u00f3nde estamos como pa\u00eds en 2.025?.<\/p>\n\n\n\n<p>El domingo 25M es un escenario que a ella le cae como anillo al dedo cuando a trav\u00e9s del prol\u00edfico castellano contin\u00faa usando el idioma para armar narrativas, mensajes y discursos que buscan, abierta o subliminalmente, el fracaso de la participaci\u00f3n ciudadana haciendo llamados de desobediencia civil, entre personas a quienes une un mismo prop\u00f3sito pol\u00edtico de salir de la tragedia social de Venezuela. Destruir, desaparecer o eliminar al liderazgo pol\u00edtico que la contradiga o critique es lo que m\u00e1s le interesa, cual parodia similar a la romana del s\u00f3lo \u00abPan y Circo\u00bb.<\/p>\n\n\n\n<p>No es un secreto que Mar\u00eda Corina Machado en su vida p\u00fablica de dirigente pol\u00edtica ha llamado m\u00e1s a la abstenci\u00f3n, &#8211;cinco veces&#8211; que a la participaci\u00f3n ciudadana, &#8211;s\u00f3lo en dos ocasiones&#8211;, rasgo muy caracter\u00edstico en ella, sin diferencia alguna, cuando se ha tratado del sufragio presidencial, a gobernadores, alcaldes, diputados regionales o a la Asamblea Nacional.<\/p>\n\n\n\n<p>Ella es la que m\u00e1s se asemeja con el desaparecido Presidente Hugo Ch\u00e1vez Fr\u00edas (+) cuando \u00e9l promet\u00eda convertir en \u00abpolvo c\u00f3smico\u00bb a los opositores a su gobierno, pero no le alcanz\u00f3 el tiempo y la vida para lograr ese objetivo. No obstante, en el uso de desprestigiar, descalcificar y desacreditar a sus oponentes, &#8211;construyendo mensajes y narrativas fant\u00e1sticas&#8211; a Mar\u00eda Corina Machado el uso de las redes sociales le permite multiplicar cualquier tema que produzca conflictividad y divisi\u00f3n entre los venezolanos.<\/p>\n\n\n\n<p>Quiz\u00e1 m\u00e1s de un trasnochado de sus seguidores que desconoce el derecho a disentir, califique mi atrevimiento en ser un despreciable mis\u00f3gino o maltratador del sexo femenino, pero siempre he respetado esa condici\u00f3n en las damas, porque descendemos de una de ellas a\u00fan cuando, en mi caso, ya no est\u00e9 en el plano terrenal. Creo que el derecho de todo ciudadano comienza donde termina el del otro.<\/p>\n\n\n\n<p>Un discurso, una narrativa o cualquier mensaje cambia seg\u00fan el momento, siempre cargado de animadversi\u00f3n, odio, rencor, difamaci\u00f3n, venganza, resentimiento, divisi\u00f3n, maldad extrema y, en fin, una larga lista que es inoculada a una buena proporci\u00f3n de la poblaci\u00f3n venezolana, &#8211;tontos \u00fatiles como identifican a otros opositores&#8211; siempre llena de un desprop\u00f3sito revanchista que eleva el ego malo de Mar\u00eda Corina Machado.<\/p>\n\n\n\n<p>\u00abUn ego saludable\u00bb, advierten especialistas, \u00abcontribuye a una buena autoestima, mientras que un ego excesivo, negativo, puede generar problemas como la vanidad y el miedo al fracaso\u00bb. Tambi\u00e9n, \u00abun ego desequilibrado puede dificultar la empat\u00eda y la comunicaci\u00f3n generando conflictos\u00bb.<\/p>\n\n\n\n<p>En conclusi\u00f3n, el \u00fanico que ha ganado y sigue ganando tiempo y espacio es el gobierno que est\u00e1 en Miraflores, donde ha permanecido ya por 26 a\u00f1os, gracias a la torpeza, errores, frustraciones, egos, hipocres\u00eda y enga\u00f1o de dirigentes opositores que juegan con la paciencia y la confianza de los venezolanos. \u00a1Amanecer\u00e1 y Veremos!<br><strong><em>Por Jos\u00e9 Aranguibel Carrasco<\/em><\/strong><\/p>\n\n\n\n<p><strong><em>Periodista y analista<\/em><\/strong><\/p>\n\n\n\n<p><\/p>\n","protected":false},"excerpt":{"rendered":"<p>\u00abUn error no se convierte en verdad por el hecho de que todo el mundo&#8230;<\/p>\n","protected":false},"author":2,"featured_media":16958,"comment_status":"closed","ping_status":"open","sticky":false,"template":"","format":"standard","meta":{"footnotes":""},"categories":[50],"tags":[],"class_list":["post-16956","post","type-post","status-publish","format-standard","has-post-thumbnail","hentry","category-opinion"],"_links":{"self":[{"href":"https:\/\/entretormentas.com\/index.php?rest_route=\/wp\/v2\/posts\/16956","targetHints":{"allow":["GET"]}}],"collection":[{"href":"https:\/\/entretormentas.com\/index.php?rest_route=\/wp\/v2\/posts"}],"about":[{"href":"https:\/\/entretormentas.com\/index.php?rest_route=\/wp\/v2\/types\/post"}],"author":[{"embeddable":true,"href":"https:\/\/entretormentas.com\/index.php?rest_route=\/wp\/v2\/users\/2"}],"replies":[{"embeddable":true,"href":"https:\/\/entretormentas.com\/index.php?rest_route=%2Fwp%2Fv2%2Fcomments&post=16956"}],"version-history":[{"count":2,"href":"https:\/\/entretormentas.com\/index.php?rest_route=\/wp\/v2\/posts\/16956\/revisions"}],"predecessor-version":[{"id":16965,"href":"https:\/\/entretormentas.com\/index.php?rest_route=\/wp\/v2\/posts\/16956\/revisions\/16965"}],"wp:featuredmedia":[{"embeddable":true,"href":"https:\/\/entretormentas.com\/index.php?rest_route=\/wp\/v2\/media\/16958"}],"wp:attachment":[{"href":"https:\/\/entretormentas.com\/index.php?rest_route=%2Fwp%2Fv2%2Fmedia&parent=16956"}],"wp:term":[{"taxonomy":"category","embeddable":true,"href":"https:\/\/entretormentas.com\/index.php?rest_route=%2Fwp%2Fv2%2Fcategories&post=16956"},{"taxonomy":"post_tag","embeddable":true,"href":"https:\/\/entretormentas.com\/index.php?rest_route=%2Fwp%2Fv2%2Ftags&post=16956"}],"curies":[{"name":"wp","href":"https:\/\/api.w.org\/{rel}","templated":true}]}}