{"id":16960,"date":"2025-05-20T18:17:16","date_gmt":"2025-05-20T16:17:16","guid":{"rendered":"https:\/\/entretormentas.com\/?p=16960"},"modified":"2025-05-20T18:17:17","modified_gmt":"2025-05-20T16:17:17","slug":"mas-alla-del-ego-la-necesidad-de-votar","status":"publish","type":"post","link":"https:\/\/entretormentas.com\/mas-alla-del-ego-la-necesidad-de-votar\/","title":{"rendered":"M\u00e1s all\u00e1 del ego, la necesidad de votar"},"content":{"rendered":"\n<p><strong>ENTRE TORMENTAS.<\/strong> Desde esta trinchera de letras, donde las palabras buscan danzar al ritmo de la conciencia, me permito reflexionar sobre un acto que, si bien individual en su ejecuci\u00f3n, resuena con una fuerza colectiva innegable: el voto.<\/p>\n\n\n\n<p>En tiempos donde el ruido ensordece y las voces se alzan en un coro de individualismos, es crucial recordar que la necesidad de sufragar trasciende con creces nuestros peque\u00f1os universos personales.<\/p>\n\n\n\n<p>A menudo escuchamos argumentos que desestiman la importancia del voto individual, diluy\u00e9ndolo en la vastedad de un padr\u00f3n electoral aparentemente inabarcable. Se esgrimen la desilusi\u00f3n con la clase pol\u00edtica, la sensaci\u00f3n de que \u00abmi voto no har\u00e1 la diferencia\u00bb o incluso la c\u00f3moda indiferencia de quienes se sienten ajenos a los avatares del poder. Sin embargo, aferrarse a estas posturas egoc\u00e9ntricas es vendarse los ojos ante la intrincada red de interdependencia que tejemos como sociedad.<\/p>\n\n\n\n<figure class=\"wp-block-image size-full\"><img fetchpriority=\"high\" decoding=\"async\" width=\"512\" height=\"512\" src=\"https:\/\/entretormentas.com\/wp-content\/uploads\/2025\/05\/VOTO1.jpeg\" alt=\"\" class=\"wp-image-16961\" srcset=\"https:\/\/entretormentas.com\/wp-content\/uploads\/2025\/05\/VOTO1.jpeg 512w, https:\/\/entretormentas.com\/wp-content\/uploads\/2025\/05\/VOTO1-300x300.jpeg 300w, https:\/\/entretormentas.com\/wp-content\/uploads\/2025\/05\/VOTO1-150x150.jpeg 150w\" sizes=\"(max-width: 512px) 100vw, 512px\" \/><\/figure>\n\n\n\n<p>Votar no es un acto aislado de autoafirmaci\u00f3n, una suerte de \u00abyo estuve all\u00ed\u00bb democr\u00e1tico. Es, fundamentalmente, un ejercicio de responsabilidad compartida. Es la herramienta primordial que nos permite participar en la construcci\u00f3n del espacio colectivo en el que vivimos, trabajamos, amamos y criamos a nuestros hijos. Al depositar nuestra preferencia en la urna, estamos contribuyendo a dibujar el rostro de nuestro futuro com\u00fan, influyendo en las decisiones que impactar\u00e1n directamente nuestras vidas y las de quienes nos rodean.<\/p>\n\n\n\n<p>Pensar que la abstenci\u00f3n es una declaraci\u00f3n de independencia o una forma de protesta individual es un espejismo peligroso. En realidad, la ausencia en las urnas no hace m\u00e1s que ceder el poder de decisi\u00f3n a otros, a aquellos que s\u00ed creen en la capacidad transformadora del voto, para bien o para mal. Es permitir que agendas ajenas moldeen nuestro entorno sin nuestra voz ni nuestro consentimiento.<\/p>\n\n\n\n<p>La necesidad de votar se arraiga en la comprensi\u00f3n de que somos parte de un tejido social. Las pol\u00edticas p\u00fablicas, las leyes que se promulgan, la gesti\u00f3n de los recursos comunes, todo ello tiene un impacto directo en nuestra calidad de vida, desde la seguridad de nuestras calles hasta la educaci\u00f3n de nuestros j\u00f3venes, pasando por el acceso a la salud y las oportunidades econ\u00f3micas. Ignorar el proceso electoral es, en \u00faltima instancia, ignorar nuestra propia realidad y la de nuestros conciudadanos.<\/p>\n\n\n\n<p>M\u00e1s all\u00e1 de las simpat\u00edas o antipat\u00edas partidistas, el acto de votar nos invita a considerar el bienestar general por encima de los intereses particulares. Nos exige analizar propuestas, evaluar trayectorias y elegir a aquellos que, a nuestro juicio, representar\u00e1n de la mejor manera los anhelos y las necesidades de la mayor\u00eda. Es un ejercicio de empat\u00eda c\u00edvica, de reconocer que nuestro destino individual est\u00e1 intr\u00ednsecamente ligado al destino colectivo.<\/p>\n\n\n\n<figure class=\"wp-block-image size-full\"><img decoding=\"async\" width=\"1024\" height=\"757\" src=\"https:\/\/entretormentas.com\/wp-content\/uploads\/2025\/05\/VOTO2.jpeg\" alt=\"\" class=\"wp-image-16962\" srcset=\"https:\/\/entretormentas.com\/wp-content\/uploads\/2025\/05\/VOTO2.jpeg 1024w, https:\/\/entretormentas.com\/wp-content\/uploads\/2025\/05\/VOTO2-300x222.jpeg 300w, https:\/\/entretormentas.com\/wp-content\/uploads\/2025\/05\/VOTO2-768x568.jpeg 768w\" sizes=\"(max-width: 1024px) 100vw, 1024px\" \/><\/figure>\n\n\n\n<p>En este Zulia nuestro, vibrante y resiliente, con su rica historia y sus desaf\u00edos presentes, la participaci\u00f3n activa en la vida democr\u00e1tica se vuelve a\u00fan m\u00e1s crucial.<\/p>\n\n\n\n<p>Nuestra voz, diversa y plural, debe resonar con fuerza en las urnas para construir un futuro donde la justicia, la equidad y el progreso sean pilares fundamentales.<\/p>\n\n\n\n<p>Dejemos a un lado la miop\u00eda del ego y abracemos la visi\u00f3n panor\u00e1mica de la ciudadan\u00eda responsable. La necesidad de votar no es una imposici\u00f3n, sino una oportunidad, un derecho conquistado con esfuerzo y un deber ineludible para construir la sociedad que anhelamos.<\/p>\n\n\n\n<p>Que la pr\u00f3xima cita electoral nos encuentre a todos, con la conciencia despierta y la convicci\u00f3n firme de que nuestro voto, por humilde que parezca, es una pieza fundamental en el mosaico de nuestro futuro colectivo. Te espero el 25 para que escribamos juntos la historia que queremos contar!<\/p>\n\n\n\n<p><strong><em>Sandy Ulacio<br>Periodista \/ Analista pol\u00edtico<\/em><\/strong><\/p>\n\n\n\n<p><\/p>\n","protected":false},"excerpt":{"rendered":"<p>ENTRE TORMENTAS. Desde esta trinchera de letras, donde las palabras buscan danzar al ritmo de&#8230;<\/p>\n","protected":false},"author":2,"featured_media":16963,"comment_status":"closed","ping_status":"open","sticky":false,"template":"","format":"standard","meta":{"footnotes":""},"categories":[50],"tags":[],"class_list":["post-16960","post","type-post","status-publish","format-standard","has-post-thumbnail","hentry","category-opinion"],"_links":{"self":[{"href":"https:\/\/entretormentas.com\/index.php?rest_route=\/wp\/v2\/posts\/16960","targetHints":{"allow":["GET"]}}],"collection":[{"href":"https:\/\/entretormentas.com\/index.php?rest_route=\/wp\/v2\/posts"}],"about":[{"href":"https:\/\/entretormentas.com\/index.php?rest_route=\/wp\/v2\/types\/post"}],"author":[{"embeddable":true,"href":"https:\/\/entretormentas.com\/index.php?rest_route=\/wp\/v2\/users\/2"}],"replies":[{"embeddable":true,"href":"https:\/\/entretormentas.com\/index.php?rest_route=%2Fwp%2Fv2%2Fcomments&post=16960"}],"version-history":[{"count":1,"href":"https:\/\/entretormentas.com\/index.php?rest_route=\/wp\/v2\/posts\/16960\/revisions"}],"predecessor-version":[{"id":16964,"href":"https:\/\/entretormentas.com\/index.php?rest_route=\/wp\/v2\/posts\/16960\/revisions\/16964"}],"wp:featuredmedia":[{"embeddable":true,"href":"https:\/\/entretormentas.com\/index.php?rest_route=\/wp\/v2\/media\/16963"}],"wp:attachment":[{"href":"https:\/\/entretormentas.com\/index.php?rest_route=%2Fwp%2Fv2%2Fmedia&parent=16960"}],"wp:term":[{"taxonomy":"category","embeddable":true,"href":"https:\/\/entretormentas.com\/index.php?rest_route=%2Fwp%2Fv2%2Fcategories&post=16960"},{"taxonomy":"post_tag","embeddable":true,"href":"https:\/\/entretormentas.com\/index.php?rest_route=%2Fwp%2Fv2%2Ftags&post=16960"}],"curies":[{"name":"wp","href":"https:\/\/api.w.org\/{rel}","templated":true}]}}