{"id":16969,"date":"2025-05-21T10:15:55","date_gmt":"2025-05-21T08:15:55","guid":{"rendered":"https:\/\/entretormentas.com\/?p=16969"},"modified":"2025-05-21T10:15:56","modified_gmt":"2025-05-21T08:15:56","slug":"en-la-calle-carabobo-7ma-edicion-de-noche-de-retreta-de-alcaldia-de-maracaibo-reunio-a-mas-de-450-personas","status":"publish","type":"post","link":"https:\/\/entretormentas.com\/en-la-calle-carabobo-7ma-edicion-de-noche-de-retreta-de-alcaldia-de-maracaibo-reunio-a-mas-de-450-personas\/","title":{"rendered":"\u00a1EN LA CALLE CARABOBO! 7ma. edici\u00f3n de Noche de Retreta de Alcald\u00eda de Maracaibo reuni\u00f3 a m\u00e1s de 450 personas"},"content":{"rendered":"\n<p><strong>ENTRE TORMENTAS.<\/strong> M\u00e1s de 450 marabinos disfrutaron de la s\u00e9ptima edici\u00f3n de la Noche de Retreta realizada en la tradicional Calle Carabobo, actividad que la Alcald\u00eda de Maracaibo a trav\u00e9s de la Direcci\u00f3n de Turismo pone a disposici\u00f3n de los ciudadanos que deseen pasar un rato en familiar y de recreaci\u00f3n.<\/p>\n\n\n\n<p>Esta edici\u00f3n del 17 de mayo tuvo un toque diferente al agregarse el concurso de karaoke, que se convirti\u00f3 en el principal atractivo de la velada que evidencia el talento de los marabinos para el canto.<\/p>\n\n\n\n<figure class=\"wp-block-image size-large\"><img fetchpriority=\"high\" decoding=\"async\" width=\"1024\" height=\"682\" src=\"https:\/\/entretormentas.com\/wp-content\/uploads\/2025\/05\/RET2-1024x682.jpeg\" alt=\"\" class=\"wp-image-16970\" srcset=\"https:\/\/entretormentas.com\/wp-content\/uploads\/2025\/05\/RET2-1024x682.jpeg 1024w, https:\/\/entretormentas.com\/wp-content\/uploads\/2025\/05\/RET2-300x200.jpeg 300w, https:\/\/entretormentas.com\/wp-content\/uploads\/2025\/05\/RET2-768x512.jpeg 768w, https:\/\/entretormentas.com\/wp-content\/uploads\/2025\/05\/RET2-1536x1024.jpeg 1536w, https:\/\/entretormentas.com\/wp-content\/uploads\/2025\/05\/RET2-2048x1365.jpeg 2048w\" sizes=\"(max-width: 1024px) 100vw, 1024px\" \/><\/figure>\n\n\n\n<p>El alcalde encargado de Maracaibo, Adri\u00e1n Romero Mart\u00ednez, destac\u00f3 la importancia de impulsar eventos para el disfrute familiar. \u201cA pesar de la lluvia es satisfactorio ver c\u00f3mo los marabinos vinieron a disfrutar de la Noche de Retreta que desde 2022 es alegr\u00eda para todos\u201d.<\/p>\n\n\n\n<p>Romero Mart\u00ednez recorri\u00f3 toda la Calle Carabobo y comparti\u00f3 con los asistentes. Record\u00f3 que hasta la fecha m\u00e1s de tres mil marabinos han participado en la famosa Noche de Retreta.<\/p>\n\n\n\n<p><strong>OTRA NOCHE DE ALEGR\u00cdA<\/strong><br>El concurso de karaoke fue el plato principal y dej\u00f3 ganadores que recibieron premios por las marcas participantes, Polar y LiLian Spa. Palmarejo, Caribe Resto Bar, y Casa del Sol; empresas que hacen vida en la Calle Carabobo, formaron parte del evento.<\/p>\n\n\n\n<p>Juan Urdaneta, director de Turismo, explic\u00f3 que en esta edici\u00f3n se cambi\u00f3 la din\u00e1mica. \u201cQuisimos ofrecer otras alternativas al p\u00fablico que se acerc\u00f3 a disfrutar de esta maravillosa velada y el karaoke fue una excelente elecci\u00f3n\u201d.<\/p>\n\n\n\n<p>Los ganadores fueron In\u00edbel Reyes, quien obtuvo el primer lugar con la interpretaci\u00f3n de La loba, de Las Chicas del can. El segundo lugar fue para Luis Ferrer que deleit\u00f3 al presente con un tema de Luis Miguel, mientras que Marlon Herrera se alz\u00f3 con el tercer lugar, cantando Loco de Vicente Fern\u00e1ndez.<\/p>\n\n\n\n<figure class=\"wp-block-image size-large\"><img decoding=\"async\" width=\"1024\" height=\"682\" src=\"https:\/\/entretormentas.com\/wp-content\/uploads\/2025\/05\/RET3-1024x682.jpeg\" alt=\"\" class=\"wp-image-16971\" srcset=\"https:\/\/entretormentas.com\/wp-content\/uploads\/2025\/05\/RET3-1024x682.jpeg 1024w, https:\/\/entretormentas.com\/wp-content\/uploads\/2025\/05\/RET3-300x200.jpeg 300w, https:\/\/entretormentas.com\/wp-content\/uploads\/2025\/05\/RET3-768x512.jpeg 768w, https:\/\/entretormentas.com\/wp-content\/uploads\/2025\/05\/RET3-1536x1024.jpeg 1536w, https:\/\/entretormentas.com\/wp-content\/uploads\/2025\/05\/RET3-2048x1365.jpeg 2048w\" sizes=\"(max-width: 1024px) 100vw, 1024px\" \/><\/figure>\n\n\n\n<p>Adem\u00e1s, la Noche de Retreta cont\u00f3 con la participaci\u00f3n de los gaiteritos de la escuela Heriberto Molina, adscritos al Instituto Municpal de la Gaita (IMGRA), quienes fueron los encargados de apertura esta s\u00e9ptima edici\u00f3n.<\/p>\n\n\n\n<p>Del mismo modo, Alberto Fereira y su orquesta cerr\u00f3 con broche de oro la velada, que permiti\u00f3 el reencuentro de decenas de familias.<\/p>\n\n\n\n<p>Nelson Alem\u00e1n, participante de la Noche de Retreta, indic\u00f3 que este movimiento que se realiza en la Calle Carabobo permite abrir un espacio cultural y recreativo para todos lo que la visiten. \u201cEs fant\u00e1stico que se siga promoviendo estas actividades\u201d, mencion\u00f3.<br><strong><em>ET \/ DCI Alcald\u00eda de Maracaibo<\/em><\/strong><\/p>\n\n\n\n<p><\/p>\n","protected":false},"excerpt":{"rendered":"<p>ENTRE TORMENTAS. M\u00e1s de 450 marabinos disfrutaron de la s\u00e9ptima edici\u00f3n de la Noche de&#8230;<\/p>\n","protected":false},"author":2,"featured_media":16972,"comment_status":"closed","ping_status":"open","sticky":false,"template":"","format":"standard","meta":{"footnotes":""},"categories":[57,1],"tags":[],"class_list":["post-16969","post","type-post","status-publish","format-standard","has-post-thumbnail","hentry","category-actualidad","category-regionales"],"_links":{"self":[{"href":"https:\/\/entretormentas.com\/index.php?rest_route=\/wp\/v2\/posts\/16969","targetHints":{"allow":["GET"]}}],"collection":[{"href":"https:\/\/entretormentas.com\/index.php?rest_route=\/wp\/v2\/posts"}],"about":[{"href":"https:\/\/entretormentas.com\/index.php?rest_route=\/wp\/v2\/types\/post"}],"author":[{"embeddable":true,"href":"https:\/\/entretormentas.com\/index.php?rest_route=\/wp\/v2\/users\/2"}],"replies":[{"embeddable":true,"href":"https:\/\/entretormentas.com\/index.php?rest_route=%2Fwp%2Fv2%2Fcomments&post=16969"}],"version-history":[{"count":1,"href":"https:\/\/entretormentas.com\/index.php?rest_route=\/wp\/v2\/posts\/16969\/revisions"}],"predecessor-version":[{"id":16973,"href":"https:\/\/entretormentas.com\/index.php?rest_route=\/wp\/v2\/posts\/16969\/revisions\/16973"}],"wp:featuredmedia":[{"embeddable":true,"href":"https:\/\/entretormentas.com\/index.php?rest_route=\/wp\/v2\/media\/16972"}],"wp:attachment":[{"href":"https:\/\/entretormentas.com\/index.php?rest_route=%2Fwp%2Fv2%2Fmedia&parent=16969"}],"wp:term":[{"taxonomy":"category","embeddable":true,"href":"https:\/\/entretormentas.com\/index.php?rest_route=%2Fwp%2Fv2%2Fcategories&post=16969"},{"taxonomy":"post_tag","embeddable":true,"href":"https:\/\/entretormentas.com\/index.php?rest_route=%2Fwp%2Fv2%2Ftags&post=16969"}],"curies":[{"name":"wp","href":"https:\/\/api.w.org\/{rel}","templated":true}]}}