{"id":16991,"date":"2025-05-21T10:33:27","date_gmt":"2025-05-21T08:33:27","guid":{"rendered":"https:\/\/entretormentas.com\/?p=16991"},"modified":"2025-05-21T10:33:28","modified_gmt":"2025-05-21T08:33:28","slug":"recorrido-regional-en-el-municipio-guajira-respaldan-a-ely-ramon-atencio-a-la-gobernacion-del-zulia","status":"publish","type":"post","link":"https:\/\/entretormentas.com\/recorrido-regional-en-el-municipio-guajira-respaldan-a-ely-ramon-atencio-a-la-gobernacion-del-zulia\/","title":{"rendered":"\u00a1RECORRIDO REGIONAL! En el municipio Guajira respaldan a Ely Ram\u00f3n Atencio a la Gobernaci\u00f3n del Zulia"},"content":{"rendered":"\n<p><strong>ENTRE TORMENTAS. <\/strong>El candidato por AD y otros 12 partidos aliados a la gobernaci\u00f3n del estado Zulia, Ely Ram\u00f3n Atencio, visit\u00f3 la comunidad de Paraguaipoa, en el municipio fronterizo Guajira, donde refiri\u00f3 durante qu\u00e9 a ese ayuntamiento ind\u00edgena no llega la gesti\u00f3n p\u00fablica. \u00abAqu\u00ed vamos a llegar. Si Dios me permite ser gobernador no tengan la menor duda que est\u00e9 municipio va a cambiar completamente para el bienestar y el miramiento de la calidad de vida de todas las personas que viven en \u00e9l\u00bb, manifest\u00f3.<\/p>\n\n\n\n<figure class=\"wp-block-image size-full\"><img fetchpriority=\"high\" decoding=\"async\" width=\"720\" height=\"397\" src=\"https:\/\/entretormentas.com\/wp-content\/uploads\/2025\/05\/elygua2.jpeg\" alt=\"\" class=\"wp-image-16992\" srcset=\"https:\/\/entretormentas.com\/wp-content\/uploads\/2025\/05\/elygua2.jpeg 720w, https:\/\/entretormentas.com\/wp-content\/uploads\/2025\/05\/elygua2-300x165.jpeg 300w\" sizes=\"(max-width: 720px) 100vw, 720px\" \/><\/figure>\n\n\n\n<p>Atencio realiz\u00f3 un recorrido por el mercado municipal, donde pudo conocer las necesidades y desasistencias de los habitantes y trabajadores de est\u00e1 comunidad, tambi\u00e9n asisto a una asamblea que fu\u00e9 invitado en la comunidad de Molinete d\u00f3nde los presentes dieron su respaldo al aspirante a la gobernaci\u00f3n<\/p>\n\n\n\n<p>Ely Ram\u00f3n Atencio tambi\u00e9n comparti\u00f3 con la comunidad de Emaus en la iglesia cat\u00f3lica de la parroquia San Jos\u00e9 de Paraguach\u00f3n. Tambi\u00e9n participo en una caminata y posteriormente en una misa, por otro lado hizo entrega de un donativo de dos aires acondicionados. Agradeci\u00f3 al sacerdote y a la feligres\u00eda por la invitaci\u00f3n.<br><strong><em>ET \/ Nota de Prensa<\/em><\/strong><\/p>\n","protected":false},"excerpt":{"rendered":"<p>ENTRE TORMENTAS. El candidato por AD y otros 12 partidos aliados a la gobernaci\u00f3n del&#8230;<\/p>\n","protected":false},"author":2,"featured_media":16993,"comment_status":"closed","ping_status":"open","sticky":false,"template":"","format":"standard","meta":{"footnotes":""},"categories":[57,1],"tags":[],"class_list":["post-16991","post","type-post","status-publish","format-standard","has-post-thumbnail","hentry","category-actualidad","category-regionales"],"_links":{"self":[{"href":"https:\/\/entretormentas.com\/index.php?rest_route=\/wp\/v2\/posts\/16991","targetHints":{"allow":["GET"]}}],"collection":[{"href":"https:\/\/entretormentas.com\/index.php?rest_route=\/wp\/v2\/posts"}],"about":[{"href":"https:\/\/entretormentas.com\/index.php?rest_route=\/wp\/v2\/types\/post"}],"author":[{"embeddable":true,"href":"https:\/\/entretormentas.com\/index.php?rest_route=\/wp\/v2\/users\/2"}],"replies":[{"embeddable":true,"href":"https:\/\/entretormentas.com\/index.php?rest_route=%2Fwp%2Fv2%2Fcomments&post=16991"}],"version-history":[{"count":1,"href":"https:\/\/entretormentas.com\/index.php?rest_route=\/wp\/v2\/posts\/16991\/revisions"}],"predecessor-version":[{"id":16994,"href":"https:\/\/entretormentas.com\/index.php?rest_route=\/wp\/v2\/posts\/16991\/revisions\/16994"}],"wp:featuredmedia":[{"embeddable":true,"href":"https:\/\/entretormentas.com\/index.php?rest_route=\/wp\/v2\/media\/16993"}],"wp:attachment":[{"href":"https:\/\/entretormentas.com\/index.php?rest_route=%2Fwp%2Fv2%2Fmedia&parent=16991"}],"wp:term":[{"taxonomy":"category","embeddable":true,"href":"https:\/\/entretormentas.com\/index.php?rest_route=%2Fwp%2Fv2%2Fcategories&post=16991"},{"taxonomy":"post_tag","embeddable":true,"href":"https:\/\/entretormentas.com\/index.php?rest_route=%2Fwp%2Fv2%2Ftags&post=16991"}],"curies":[{"name":"wp","href":"https:\/\/api.w.org\/{rel}","templated":true}]}}