{"id":16995,"date":"2025-05-21T10:37:37","date_gmt":"2025-05-21T08:37:37","guid":{"rendered":"https:\/\/entretormentas.com\/?p=16995"},"modified":"2025-05-21T10:37:38","modified_gmt":"2025-05-21T08:37:38","slug":"luis-caldera-en-sinamaica-se-vienen-los-mejores-anos-para-la-guajira-venezolana","status":"publish","type":"post","link":"https:\/\/entretormentas.com\/luis-caldera-en-sinamaica-se-vienen-los-mejores-anos-para-la-guajira-venezolana\/","title":{"rendered":"LUIS CALDERA EN SINAMAICA: \u00abSe vienen los mejores a\u00f1os para la Guajira venezolana\u00bb"},"content":{"rendered":"\n<p><strong>ENTRE TORMENTAS. <\/strong>\u201cSe vienen los mejores a\u00f1os para la Guajira venezolana\u201d, exclam\u00f3 Luis Caldera, en un encuentro con el pueblo del municipio ind\u00edgena Guajira, cuyos habitantes expresaron su respaldo al candidato a la Gobernaci\u00f3n del Zulia, por el Gran Polo Patri\u00f3tico Sim\u00f3n Bol\u00edvar (GPPSB).<\/p>\n\n\n\n<p>El encuentro, que cont\u00f3 con las asistencia de m\u00e1s de mil personas, se realiz\u00f3 este martes 20 de mayo en el Complejo Ferial, Cultural y Educativo \u201cAntonio Quintero Parra\u201d, situado en la parroquia Sinamaica, de donde es oriundo Caldera, por lo que destac\u00f3 que, en este antepen\u00faltimo evento de campa\u00f1a electoral, recibi\u00f3 \u201cla fuerza de los ancestros del pueblo m\u00e1s leal de Venezuela\u201d.<\/p>\n\n\n\n<figure class=\"wp-block-image size-large\"><img fetchpriority=\"high\" decoding=\"async\" width=\"1024\" height=\"683\" src=\"https:\/\/entretormentas.com\/wp-content\/uploads\/2025\/05\/lcgua2-1024x683.jpeg\" alt=\"\" class=\"wp-image-16996\" srcset=\"https:\/\/entretormentas.com\/wp-content\/uploads\/2025\/05\/lcgua2-1024x683.jpeg 1024w, https:\/\/entretormentas.com\/wp-content\/uploads\/2025\/05\/lcgua2-300x200.jpeg 300w, https:\/\/entretormentas.com\/wp-content\/uploads\/2025\/05\/lcgua2-768x512.jpeg 768w, https:\/\/entretormentas.com\/wp-content\/uploads\/2025\/05\/lcgua2.jpeg 1280w\" sizes=\"(max-width: 1024px) 100vw, 1024px\" \/><\/figure>\n\n\n\n<p>\u201cHoy he querido hablarle a mi Guajira, decirles que tendr\u00e1n un gobernador para las obras, para la educaci\u00f3n, para la salud, para los servicios, para el Poder Popular, para el reconocimiento del comercio binacional, de la artesan\u00eda, para el financiamiento; es decir, que se vienen los mejores a\u00f1os para la Guajira venezolana con el legado del comandante Ch\u00e1vez, acompa\u00f1ando al presidente Nicol\u00e1s Maduro\u201d, manifest\u00f3 el candidato de ra\u00edces ancestrales a\u00f1\u00fa.<\/p>\n\n\n\n<p>Para cumplir con su propuesta de gobierno para la Guajira, Caldera indic\u00f3 que lo har\u00e1 junto al pueblo de las cuatro parroquias que conforman el municipio, desde el hito n\u00famero 1 en Castillete, donde nace la Patria, conquistando no solo los logros constitucionales legales, sino tambi\u00e9n los sociales, en alimentaci\u00f3n, vivienda, vialidad, entre otras \u00e1reas.<\/p>\n\n\n\n<p>Entre los habitantes de la localidad fronteriza que expresaron su apoyo y trabajo para el pr\u00f3ximo domingo 25 de mayo, estuvo la docente Erika Marina Gonz\u00e1lez, quien dijo sentirse representada por Caldera como el primer ind\u00edgena que gobernar\u00e1 al Zulia.<\/p>\n\n\n\n<figure class=\"wp-block-image size-large\"><img decoding=\"async\" width=\"1024\" height=\"682\" src=\"https:\/\/entretormentas.com\/wp-content\/uploads\/2025\/05\/lcgua3-1024x682.jpeg\" alt=\"\" class=\"wp-image-16997\" srcset=\"https:\/\/entretormentas.com\/wp-content\/uploads\/2025\/05\/lcgua3-1024x682.jpeg 1024w, https:\/\/entretormentas.com\/wp-content\/uploads\/2025\/05\/lcgua3-300x200.jpeg 300w, https:\/\/entretormentas.com\/wp-content\/uploads\/2025\/05\/lcgua3-768x512.jpeg 768w, https:\/\/entretormentas.com\/wp-content\/uploads\/2025\/05\/lcgua3.jpeg 1280w\" sizes=\"(max-width: 1024px) 100vw, 1024px\" \/><\/figure>\n\n\n\n<p>\u201cLos way\u00fau y a\u00f1\u00fa tenemos confianza en Luis, porque es ind\u00edgena igual que nosotros y conoce de nuestras necesidades\u201d, explic\u00f3.<\/p>\n\n\n\n<p>Tambi\u00e9n, Robert Gonz\u00e1lez, quien milita en el Movimiento Tupamaro en Guajira, mencion\u00f3 que llevar\u00e1n a El Tawala Luis Caldera a la Gobernaci\u00f3n a fuerza de votos comprometidos para un Zulia de soluciones.<\/p>\n\n\n\n<p>Mientras tanto, Andre\u00edna Gonz\u00e1lez, habitante de la parroquia Guajira, acompa\u00f1ada de vecinos y familiares, no dud\u00f3 en dar por sentado que el pr\u00f3ximo 25 de mayo todo el Zulia saldr\u00e1 a votar por Caldera, quien ha propuesto en su plan de gobierno trabajar con el pueblo organizado en cada uno de sus territorios.<br><strong><em>ET \/ Prensa PSUV Zulia<\/em><\/strong><\/p>\n\n\n\n<p><\/p>\n","protected":false},"excerpt":{"rendered":"<p>ENTRE TORMENTAS. \u201cSe vienen los mejores a\u00f1os para la Guajira venezolana\u201d, exclam\u00f3 Luis Caldera, en&#8230;<\/p>\n","protected":false},"author":2,"featured_media":16998,"comment_status":"closed","ping_status":"open","sticky":false,"template":"","format":"standard","meta":{"footnotes":""},"categories":[57,1],"tags":[],"class_list":["post-16995","post","type-post","status-publish","format-standard","has-post-thumbnail","hentry","category-actualidad","category-regionales"],"_links":{"self":[{"href":"https:\/\/entretormentas.com\/index.php?rest_route=\/wp\/v2\/posts\/16995","targetHints":{"allow":["GET"]}}],"collection":[{"href":"https:\/\/entretormentas.com\/index.php?rest_route=\/wp\/v2\/posts"}],"about":[{"href":"https:\/\/entretormentas.com\/index.php?rest_route=\/wp\/v2\/types\/post"}],"author":[{"embeddable":true,"href":"https:\/\/entretormentas.com\/index.php?rest_route=\/wp\/v2\/users\/2"}],"replies":[{"embeddable":true,"href":"https:\/\/entretormentas.com\/index.php?rest_route=%2Fwp%2Fv2%2Fcomments&post=16995"}],"version-history":[{"count":1,"href":"https:\/\/entretormentas.com\/index.php?rest_route=\/wp\/v2\/posts\/16995\/revisions"}],"predecessor-version":[{"id":16999,"href":"https:\/\/entretormentas.com\/index.php?rest_route=\/wp\/v2\/posts\/16995\/revisions\/16999"}],"wp:featuredmedia":[{"embeddable":true,"href":"https:\/\/entretormentas.com\/index.php?rest_route=\/wp\/v2\/media\/16998"}],"wp:attachment":[{"href":"https:\/\/entretormentas.com\/index.php?rest_route=%2Fwp%2Fv2%2Fmedia&parent=16995"}],"wp:term":[{"taxonomy":"category","embeddable":true,"href":"https:\/\/entretormentas.com\/index.php?rest_route=%2Fwp%2Fv2%2Fcategories&post=16995"},{"taxonomy":"post_tag","embeddable":true,"href":"https:\/\/entretormentas.com\/index.php?rest_route=%2Fwp%2Fv2%2Ftags&post=16995"}],"curies":[{"name":"wp","href":"https:\/\/api.w.org\/{rel}","templated":true}]}}