{"id":17004,"date":"2025-05-21T10:42:20","date_gmt":"2025-05-21T08:42:20","guid":{"rendered":"https:\/\/entretormentas.com\/?p=17004"},"modified":"2025-05-21T10:42:21","modified_gmt":"2025-05-21T08:42:21","slug":"respuesta-oficial-maduro-repudia-el-retiro-de-la-proteccion-legal-a-miles-de-venezolanos-en-eeuu","status":"publish","type":"post","link":"https:\/\/entretormentas.com\/respuesta-oficial-maduro-repudia-el-retiro-de-la-proteccion-legal-a-miles-de-venezolanos-en-eeuu\/","title":{"rendered":"\u00a1RESPUESTA OFICIAL! Maduro repudia el retiro de la protecci\u00f3n legal a miles de venezolanos en EEUU"},"content":{"rendered":"\n<p><strong>ENTRE TORMENTAS.<\/strong> El presidente, Nicol\u00e1s Maduro, repudi\u00f3 este martes la decisi\u00f3n de la Corte Suprema de Estados Unidos que permiti\u00f3 al mandatario de ese pa\u00eds, Donald Trump, revocar el programa que concede un estatus legal temporal a m\u00e1s 300 mil migrantes venezolanos en territorio estadounidense.<\/p>\n\n\n\n<p>\u00abRechazo y repudio el intento criminal de quitarle el TPS (Estatus de Protecci\u00f3n Temporal) a los migrantes\u00bb, dijo en un acto transmitido por el canal del Estado, Venezolana de Televisi\u00f3n (VTV).<br><strong><em>ET \/ EFE<\/em><\/strong><\/p>\n","protected":false},"excerpt":{"rendered":"<p>ENTRE TORMENTAS. El presidente, Nicol\u00e1s Maduro, repudi\u00f3 este martes la decisi\u00f3n de la Corte Suprema&#8230;<\/p>\n","protected":false},"author":2,"featured_media":17005,"comment_status":"closed","ping_status":"open","sticky":false,"template":"","format":"standard","meta":{"footnotes":""},"categories":[56,49],"tags":[],"class_list":["post-17004","post","type-post","status-publish","format-standard","has-post-thumbnail","hentry","category-destacadas","category-nacionales"],"_links":{"self":[{"href":"https:\/\/entretormentas.com\/index.php?rest_route=\/wp\/v2\/posts\/17004","targetHints":{"allow":["GET"]}}],"collection":[{"href":"https:\/\/entretormentas.com\/index.php?rest_route=\/wp\/v2\/posts"}],"about":[{"href":"https:\/\/entretormentas.com\/index.php?rest_route=\/wp\/v2\/types\/post"}],"author":[{"embeddable":true,"href":"https:\/\/entretormentas.com\/index.php?rest_route=\/wp\/v2\/users\/2"}],"replies":[{"embeddable":true,"href":"https:\/\/entretormentas.com\/index.php?rest_route=%2Fwp%2Fv2%2Fcomments&post=17004"}],"version-history":[{"count":1,"href":"https:\/\/entretormentas.com\/index.php?rest_route=\/wp\/v2\/posts\/17004\/revisions"}],"predecessor-version":[{"id":17006,"href":"https:\/\/entretormentas.com\/index.php?rest_route=\/wp\/v2\/posts\/17004\/revisions\/17006"}],"wp:featuredmedia":[{"embeddable":true,"href":"https:\/\/entretormentas.com\/index.php?rest_route=\/wp\/v2\/media\/17005"}],"wp:attachment":[{"href":"https:\/\/entretormentas.com\/index.php?rest_route=%2Fwp%2Fv2%2Fmedia&parent=17004"}],"wp:term":[{"taxonomy":"category","embeddable":true,"href":"https:\/\/entretormentas.com\/index.php?rest_route=%2Fwp%2Fv2%2Fcategories&post=17004"},{"taxonomy":"post_tag","embeddable":true,"href":"https:\/\/entretormentas.com\/index.php?rest_route=%2Fwp%2Fv2%2Ftags&post=17004"}],"curies":[{"name":"wp","href":"https:\/\/api.w.org\/{rel}","templated":true}]}}