{"id":17014,"date":"2025-05-22T10:31:42","date_gmt":"2025-05-22T08:31:42","guid":{"rendered":"https:\/\/entretormentas.com\/?p=17014"},"modified":"2025-05-22T10:31:42","modified_gmt":"2025-05-22T08:31:42","slug":"tras-diligencias-de-luis-caldera-gobierno-nacional-inicia-dragado-del-cano-concha-la-maroma-en-sur-del-lago","status":"publish","type":"post","link":"https:\/\/entretormentas.com\/tras-diligencias-de-luis-caldera-gobierno-nacional-inicia-dragado-del-cano-concha-la-maroma-en-sur-del-lago\/","title":{"rendered":"\u00a1TRAS DILIGENCIAS DE LUIS CALDERA! Gobierno Nacional inicia dragado del Ca\u00f1o Concha-La Maroma en Sur del Lago"},"content":{"rendered":"\n<p><strong>ENTRE TORMENTAS. <\/strong>El Gobierno Nacional inici\u00f3 los trabajos de dragado de 27 kil\u00f3metros del Ca\u00f1o Concha-La Maroma, en el municipio Col\u00f3n, del eje Sur del Lago, tras diligencias del candidato a la Gobernaci\u00f3n del Zulia, Luis Caldera, en conversaci\u00f3n directa con el presidente Nicol\u00e1s Maduro, quien mantiene pol\u00edticas de atenci\u00f3n al pueblo y fortalece en los distintos territorios \u00e1reas para el desarrollo del pa\u00eds y que se sella con el Plan de las 7 Transformaciones.<\/p>\n\n\n\n<p>Estos trabajos de limpieza y dragado abren las puertas para que esta localidad surlaguense se convierta en ciudad-puerto y con ello centro tur\u00edstico y de intercambio comercial, que redundar\u00e1 en el desarrollo econ\u00f3mico productivo de la zona y del Zulia.<\/p>\n\n\n\n<p>El especialista en dragado, Iv\u00e1n Ocando, dijo que es la primera vez que se realiza esta acci\u00f3n en el Ca\u00f1o Concha- La Maroma, donde se desarrollan labores de \u201celiminaci\u00f3n de maleza acu\u00e1tica, desde el puente hacia aguas abajo\u201d.<\/p>\n\n\n\n<figure class=\"wp-block-image size-large\"><img fetchpriority=\"high\" decoding=\"async\" width=\"1024\" height=\"576\" src=\"https:\/\/entretormentas.com\/wp-content\/uploads\/2025\/05\/dragado2-1024x576.jpeg\" alt=\"\" class=\"wp-image-17015\" srcset=\"https:\/\/entretormentas.com\/wp-content\/uploads\/2025\/05\/dragado2-1024x576.jpeg 1024w, https:\/\/entretormentas.com\/wp-content\/uploads\/2025\/05\/dragado2-300x169.jpeg 300w, https:\/\/entretormentas.com\/wp-content\/uploads\/2025\/05\/dragado2-768x432.jpeg 768w, https:\/\/entretormentas.com\/wp-content\/uploads\/2025\/05\/dragado2.jpeg 1280w\" sizes=\"(max-width: 1024px) 100vw, 1024px\" \/><\/figure>\n\n\n\n<p>El economista Blagdimir Labrador, integrante del equipo pol\u00edtico del PSUV en el municipio Col\u00f3n, explic\u00f3 que la limpieza y dragado a la boca del ca\u00f1o, permitir\u00e1 el desarrollo de un proyecto para el intercambio comercial a trav\u00e9s de barcazas, que representar\u00eda un ahorro del 70% del costo de transporte, adem\u00e1s del desarrollo tur\u00edstico, permitiendo la contemplaci\u00f3n de uno de los patrimonios de la humanidad, como lo es el Rel\u00e1mpago del Catatumbo, de los pueblos de agua y de la biodiversidad del Lago de Maracaibo.<\/p>\n\n\n\n<p>\u201cA trav\u00e9s de este proyecto del canal Concha-La Maroma podemos entonces, en 26 km estar en nuestro Lago de Maracaibo y el Sur del Lago volver\u00e1 a ser una ciudad Puerto que fuimos en el siglo pasado\u201d, sum\u00f3 Labrador.<\/p>\n\n\n\n<p>Marlene Ter\u00e1n, del Circuito Comunal La Gloria de Dios, sostuvo que estos trabajos beneficiaran a toda la poblaci\u00f3n colonesa, en especial a la parroquia Santa B\u00e1rbara.<\/p>\n\n\n\n<p>El candidato por el Gran Polo Patri\u00f3tico Sim\u00f3n Bol\u00edvar (GPPSB), Caldera, en su peregrinaje por el Zulia, estuvo presente en los cinco municipios que conforma la subregi\u00f3n Sur del Lago, donde present\u00f3 su plan de gobierno y escuch\u00f3 los planteamientos y necesidades de los habitantes de ese eje de desarrollo, que destaca por su rica producci\u00f3n agr\u00edcola y ganadera, especialmente en ganader\u00eda lechera y cacao de alta calidad.<br><strong><em>ET \/ Nota de Prensa<\/em><\/strong><\/p>\n","protected":false},"excerpt":{"rendered":"<p>ENTRE TORMENTAS. El Gobierno Nacional inici\u00f3 los trabajos de dragado de 27 kil\u00f3metros del Ca\u00f1o&#8230;<\/p>\n","protected":false},"author":2,"featured_media":17016,"comment_status":"closed","ping_status":"open","sticky":false,"template":"","format":"standard","meta":{"footnotes":""},"categories":[57,1],"tags":[],"class_list":["post-17014","post","type-post","status-publish","format-standard","has-post-thumbnail","hentry","category-actualidad","category-regionales"],"_links":{"self":[{"href":"https:\/\/entretormentas.com\/index.php?rest_route=\/wp\/v2\/posts\/17014","targetHints":{"allow":["GET"]}}],"collection":[{"href":"https:\/\/entretormentas.com\/index.php?rest_route=\/wp\/v2\/posts"}],"about":[{"href":"https:\/\/entretormentas.com\/index.php?rest_route=\/wp\/v2\/types\/post"}],"author":[{"embeddable":true,"href":"https:\/\/entretormentas.com\/index.php?rest_route=\/wp\/v2\/users\/2"}],"replies":[{"embeddable":true,"href":"https:\/\/entretormentas.com\/index.php?rest_route=%2Fwp%2Fv2%2Fcomments&post=17014"}],"version-history":[{"count":1,"href":"https:\/\/entretormentas.com\/index.php?rest_route=\/wp\/v2\/posts\/17014\/revisions"}],"predecessor-version":[{"id":17017,"href":"https:\/\/entretormentas.com\/index.php?rest_route=\/wp\/v2\/posts\/17014\/revisions\/17017"}],"wp:featuredmedia":[{"embeddable":true,"href":"https:\/\/entretormentas.com\/index.php?rest_route=\/wp\/v2\/media\/17016"}],"wp:attachment":[{"href":"https:\/\/entretormentas.com\/index.php?rest_route=%2Fwp%2Fv2%2Fmedia&parent=17014"}],"wp:term":[{"taxonomy":"category","embeddable":true,"href":"https:\/\/entretormentas.com\/index.php?rest_route=%2Fwp%2Fv2%2Fcategories&post=17014"},{"taxonomy":"post_tag","embeddable":true,"href":"https:\/\/entretormentas.com\/index.php?rest_route=%2Fwp%2Fv2%2Ftags&post=17014"}],"curies":[{"name":"wp","href":"https:\/\/api.w.org\/{rel}","templated":true}]}}