{"id":17036,"date":"2025-05-22T10:54:56","date_gmt":"2025-05-22T08:54:56","guid":{"rendered":"https:\/\/entretormentas.com\/?p=17036"},"modified":"2025-05-22T10:54:57","modified_gmt":"2025-05-22T08:54:57","slug":"marea-azul-se-desborda-en-cierre-de-campana-manuel-rosales-afirma-en-cabimas-que-la-victoria-sera-apoteosica","status":"publish","type":"post","link":"https:\/\/entretormentas.com\/marea-azul-se-desborda-en-cierre-de-campana-manuel-rosales-afirma-en-cabimas-que-la-victoria-sera-apoteosica\/","title":{"rendered":"\u00a1MAREA AZUL SE DESBORDA EN CIERRE DE CAMPA\u00d1A! Manuel Rosales afirma en Cabimas que \u00abla victoria ser\u00e1 apote\u00f3sica\u00bb"},"content":{"rendered":"\n<p><strong>ENTRE TORMENTAS.<\/strong> La tarde de este 21 de mayo, Cabimas recibi\u00f3 al gobernador y candidato a la reelecci\u00f3n, Manuel Rosales, en lo que fue un impresionante cierre de campa\u00f1a, con la intenci\u00f3n de triunfar en los comicios del pr\u00f3ximo domingo 25 de mayo.<\/p>\n\n\n\n<p>Al ritmo de la gaita se reunieron miles de personas, de distintas edades, sin importar el sol o la posible lluvia que amenaz\u00f3 al transcurrir el tiempo.<\/p>\n\n\n\n<figure class=\"wp-block-image size-full\"><img fetchpriority=\"high\" decoding=\"async\" width=\"360\" height=\"640\" src=\"https:\/\/entretormentas.com\/wp-content\/uploads\/2025\/05\/mrcabi4.jpeg\" alt=\"\" class=\"wp-image-17038\" srcset=\"https:\/\/entretormentas.com\/wp-content\/uploads\/2025\/05\/mrcabi4.jpeg 360w, https:\/\/entretormentas.com\/wp-content\/uploads\/2025\/05\/mrcabi4-169x300.jpeg 169w\" sizes=\"(max-width: 360px) 100vw, 360px\" \/><\/figure>\n\n\n\n<p>Desde las 3:00 de la tarde las personas comenzaron a reunirse masivamente en la avenida 34 de Cabimas, con pancartas, cornetas y c\u00e1nticos. A lo largo de la v\u00eda hab\u00edan miles de cabimeses que brindaron su apoyo al candidato a la reelecci\u00f3n, quien al llegar al inicio de ma concentraci\u00f3n se subi\u00f3 en el techo de la camioneta que lo traslad\u00f3 para saludar a la multitud que se aglomer\u00f3 a su alrededor.<\/p>\n\n\n\n<p>\u00abEsta es la victoria de la zulianidad, escogimos el camino de la prosperidad, de la paz, y atr\u00e1s qued\u00f3 la destrucci\u00f3n, a la sombra\u00bb, expres\u00f3 el mandatario regional.<\/p>\n\n\n\n<figure class=\"wp-block-image size-large\"><img decoding=\"async\" width=\"610\" height=\"1024\" src=\"https:\/\/entretormentas.com\/wp-content\/uploads\/2025\/05\/mrcabi5-610x1024.jpeg\" alt=\"\" class=\"wp-image-17039\" srcset=\"https:\/\/entretormentas.com\/wp-content\/uploads\/2025\/05\/mrcabi5-610x1024.jpeg 610w, https:\/\/entretormentas.com\/wp-content\/uploads\/2025\/05\/mrcabi5-179x300.jpeg 179w, https:\/\/entretormentas.com\/wp-content\/uploads\/2025\/05\/mrcabi5.jpeg 755w\" sizes=\"(max-width: 610px) 100vw, 610px\" \/><\/figure>\n\n\n\n<p><strong>VICTORIA BLINDADA EL 25-MAY<\/strong><br>Asimismo, Rosales afirm\u00f3 que los testigos de mesa, tanto principales como suplentes, est\u00e1n preparados para los venideros comicios.<\/p>\n\n\n\n<p>\u00abDeseo que el estado siga hacia los caminos del desarrollo, hacia los caminos de la felicidad, de la lucha buena y del progreso. \u00a1La victoria ser\u00e1 apote\u00f3sica!\u00bb, sentenci\u00f3 Rosales.<\/p>\n\n\n\n<figure class=\"wp-block-image size-full\"><img decoding=\"async\" width=\"585\" height=\"390\" src=\"https:\/\/entretormentas.com\/wp-content\/uploads\/2025\/05\/mrcabi6.jpeg\" alt=\"\" class=\"wp-image-17040\" srcset=\"https:\/\/entretormentas.com\/wp-content\/uploads\/2025\/05\/mrcabi6.jpeg 585w, https:\/\/entretormentas.com\/wp-content\/uploads\/2025\/05\/mrcabi6-300x200.jpeg 300w\" sizes=\"(max-width: 585px) 100vw, 585px\" \/><\/figure>\n\n\n\n<p>Posteriormente, los cabimenses recorrieron la extensa avenida junto al actual gobernador y candidato a la reelecci\u00f3n. \u00abVengo porque estoy segura que Manuelito ganar\u00e1, \u00e9l es y ser\u00e1 siempre el mejor gobernador que hemos tenido, por eso estamos aqu\u00ed\u00bb, dijo Gabriela Murillo, de 75 a\u00f1os, quien se encontraba desde temprano en compa\u00f1\u00eda de sus hijos y nietos.<\/p>\n\n\n\n<p>Tras el extenso recorrido y ya al final de la tarde, Rosales se despidi\u00f3 de los cabimenses para prepararse para lo que ser\u00e1 el cierre definitivo de su campa\u00f1a electoral en municipio San Francisco, el cual se realizar\u00e1 este jueves 22 de mayo en la 15 de Sierra Maestra a partir de las 4:00 de la tarde.<br><strong><em>ET \/ Gabriel Sthormes \/ Foco Informativo<\/em><\/strong><\/p>\n\n\n\n<p><\/p>\n","protected":false},"excerpt":{"rendered":"<p>ENTRE TORMENTAS. La tarde de este 21 de mayo, Cabimas recibi\u00f3 al gobernador y candidato&#8230;<\/p>\n","protected":false},"author":2,"featured_media":17041,"comment_status":"closed","ping_status":"open","sticky":false,"template":"","format":"standard","meta":{"footnotes":""},"categories":[56,1],"tags":[],"class_list":["post-17036","post","type-post","status-publish","format-standard","has-post-thumbnail","hentry","category-destacadas","category-regionales"],"_links":{"self":[{"href":"https:\/\/entretormentas.com\/index.php?rest_route=\/wp\/v2\/posts\/17036","targetHints":{"allow":["GET"]}}],"collection":[{"href":"https:\/\/entretormentas.com\/index.php?rest_route=\/wp\/v2\/posts"}],"about":[{"href":"https:\/\/entretormentas.com\/index.php?rest_route=\/wp\/v2\/types\/post"}],"author":[{"embeddable":true,"href":"https:\/\/entretormentas.com\/index.php?rest_route=\/wp\/v2\/users\/2"}],"replies":[{"embeddable":true,"href":"https:\/\/entretormentas.com\/index.php?rest_route=%2Fwp%2Fv2%2Fcomments&post=17036"}],"version-history":[{"count":1,"href":"https:\/\/entretormentas.com\/index.php?rest_route=\/wp\/v2\/posts\/17036\/revisions"}],"predecessor-version":[{"id":17042,"href":"https:\/\/entretormentas.com\/index.php?rest_route=\/wp\/v2\/posts\/17036\/revisions\/17042"}],"wp:featuredmedia":[{"embeddable":true,"href":"https:\/\/entretormentas.com\/index.php?rest_route=\/wp\/v2\/media\/17041"}],"wp:attachment":[{"href":"https:\/\/entretormentas.com\/index.php?rest_route=%2Fwp%2Fv2%2Fmedia&parent=17036"}],"wp:term":[{"taxonomy":"category","embeddable":true,"href":"https:\/\/entretormentas.com\/index.php?rest_route=%2Fwp%2Fv2%2Fcategories&post=17036"},{"taxonomy":"post_tag","embeddable":true,"href":"https:\/\/entretormentas.com\/index.php?rest_route=%2Fwp%2Fv2%2Ftags&post=17036"}],"curies":[{"name":"wp","href":"https:\/\/api.w.org\/{rel}","templated":true}]}}