{"id":17068,"date":"2025-05-23T10:32:17","date_gmt":"2025-05-23T08:32:17","guid":{"rendered":"https:\/\/entretormentas.com\/?p=17068"},"modified":"2025-05-23T10:32:18","modified_gmt":"2025-05-23T08:32:18","slug":"respaldo-estudiantil-becarios-del-jel-agradecen-continuidad-de-este-programa-del-gobernador-rosales","status":"publish","type":"post","link":"https:\/\/entretormentas.com\/respaldo-estudiantil-becarios-del-jel-agradecen-continuidad-de-este-programa-del-gobernador-rosales\/","title":{"rendered":"\u00a1RESPALDO ESTUDIANTIL! Becarios del JEL agradecen continuidad de este programa del gobernador Rosales"},"content":{"rendered":"\n<p><strong>ENTRE TORMENTAS. <\/strong>J\u00f3venes beneficiarios del Programa de Becas Dr. Jes\u00fas Enrique Lossada (JEL) expresaron de forma contundente su respaldo a la gesti\u00f3n del gobernador Manuel Rosales Guerrero, destacando su compromiso con la educaci\u00f3n y el desarrollo de la juventud zuliana. A pocos d\u00edas de celebrarse las elecciones regionales y parlamentarias del 25 de mayo, los estudiantes han reiterado su apoyo a la continuidad de un liderazgo que ha garantizado oportunidades reales de formaci\u00f3n acad\u00e9mica y superaci\u00f3n personal.<\/p>\n\n\n\n<p>Para los becarios del JEL, el Programa representa mucho m\u00e1s que un beneficio econ\u00f3mico para quienes estudian en la Universidad del Zulia o una beca en la Universidad Cat\u00f3lica Cecilio Acosta, en la Universidad Dr. Jos\u00e9 Gregorio Hern\u00e1ndez, en la Universidad Privada Dr. Rafael Belloso Chac\u00edn, en el Instituto Universitario Polit\u00e9cnico \u00abSantiago Mari\u00f1o\u00bb, en el Instituto Universitario de Tecnolog\u00eda \u201cAntonio Jos\u00e9 de Sucre\u201d, en el Instituto Tecnol\u00f3gico Universitario Readic UNIR, en el Instituto Universitario de Tecnolog\u00eda \u201cJuan Pablo P\u00e9rez Alfonzo\u201d o en la Universidad Alonso de Ojeda, todos coinciden en que esta ayuda ha sido la base sobre la cual han construido sus sue\u00f1os y su futuro profesional.<\/p>\n\n\n\n<p>\u201cGracias al gobernador Manuel Rosales Guerrero hemos podido estudiar, formarnos y so\u00f1ar con una carrera universitaria. Estamos comprometidos con su gesti\u00f3n porque ha demostrado que la educaci\u00f3n es prioridad\u201d, afirm\u00f3 uno de los j\u00f3venes beneficiarios.<\/p>\n\n\n\n<figure class=\"wp-block-image size-large\"><img fetchpriority=\"high\" decoding=\"async\" width=\"1024\" height=\"736\" src=\"https:\/\/entretormentas.com\/wp-content\/uploads\/2025\/05\/jelmr2-1024x736.jpeg\" alt=\"\" class=\"wp-image-17069\" srcset=\"https:\/\/entretormentas.com\/wp-content\/uploads\/2025\/05\/jelmr2-1024x736.jpeg 1024w, https:\/\/entretormentas.com\/wp-content\/uploads\/2025\/05\/jelmr2-300x216.jpeg 300w, https:\/\/entretormentas.com\/wp-content\/uploads\/2025\/05\/jelmr2-768x552.jpeg 768w, https:\/\/entretormentas.com\/wp-content\/uploads\/2025\/05\/jelmr2.jpeg 1280w\" sizes=\"(max-width: 1024px) 100vw, 1024px\" \/><\/figure>\n\n\n\n<p>Desde su creaci\u00f3n en 2004, el JEL ha sido una de las pol\u00edticas educativas m\u00e1s importantes del estado Zulia, misma que fue impulsada por el gobernador, y que a beneficiado a miles de j\u00f3venes con escasos recursos que han cursado estudios en diversas universidades.<\/p>\n\n\n\n<p>La continuidad de este programa, seg\u00fan los becarios, solo est\u00e1 garantizada bajo una gesti\u00f3n comprometida con el progreso educativo, como la que lidera el gobernador.<\/p>\n\n\n\n<p>\u201cApoyamos al gobernador porque sabemos que con \u00e9l nuestra educaci\u00f3n est\u00e1 segura. Este programa ha sido nuestra oportunidad de cambiar nuestras vidas y no vamos a retroceder. Respaldamos su continuidad para que el Zulia siga avanzando\u201d, declar\u00f3 otra beneficiaria del programa.<\/p>\n\n\n\n<p>Los j\u00f3venes han manifestado que ejercer\u00e1n con responsabilidad su derecho al voto este 25 de mayo, conscientes de que el futuro de la educaci\u00f3n superior en el estado depende de una gesti\u00f3n que priorice el conocimiento, el esfuerzo y el talento joven. \u201cLa beca JEL es esperanza, es futuro. Y sabemos que solo con Manuel Rosales al frente de la Gobernaci\u00f3n seguiremos teniendo ese apoyo que nos impulsa a seguir luchando por nuestros sue\u00f1os\u201d, concluy\u00f3 otro becario.<\/p>\n\n\n\n<p>El Programa de Becas Dr. Jes\u00fas Enrique Lossada se mantiene como un emblema del compromiso social del Gobierno regional, y los estudiantes conf\u00edan en que, con el respaldo ciudadano en las urnas, seguir\u00e1 siendo un motor de transformaci\u00f3n para las nuevas generaciones zulianas.<br><strong><em>ET \/ Nota de Prensa<\/em><\/strong><\/p>\n\n\n\n<p><\/p>\n","protected":false},"excerpt":{"rendered":"<p>ENTRE TORMENTAS. J\u00f3venes beneficiarios del Programa de Becas Dr. Jes\u00fas Enrique Lossada (JEL) expresaron de&#8230;<\/p>\n","protected":false},"author":2,"featured_media":17070,"comment_status":"closed","ping_status":"open","sticky":false,"template":"","format":"standard","meta":{"footnotes":""},"categories":[57,1],"tags":[],"class_list":["post-17068","post","type-post","status-publish","format-standard","has-post-thumbnail","hentry","category-actualidad","category-regionales"],"_links":{"self":[{"href":"https:\/\/entretormentas.com\/index.php?rest_route=\/wp\/v2\/posts\/17068","targetHints":{"allow":["GET"]}}],"collection":[{"href":"https:\/\/entretormentas.com\/index.php?rest_route=\/wp\/v2\/posts"}],"about":[{"href":"https:\/\/entretormentas.com\/index.php?rest_route=\/wp\/v2\/types\/post"}],"author":[{"embeddable":true,"href":"https:\/\/entretormentas.com\/index.php?rest_route=\/wp\/v2\/users\/2"}],"replies":[{"embeddable":true,"href":"https:\/\/entretormentas.com\/index.php?rest_route=%2Fwp%2Fv2%2Fcomments&post=17068"}],"version-history":[{"count":1,"href":"https:\/\/entretormentas.com\/index.php?rest_route=\/wp\/v2\/posts\/17068\/revisions"}],"predecessor-version":[{"id":17071,"href":"https:\/\/entretormentas.com\/index.php?rest_route=\/wp\/v2\/posts\/17068\/revisions\/17071"}],"wp:featuredmedia":[{"embeddable":true,"href":"https:\/\/entretormentas.com\/index.php?rest_route=\/wp\/v2\/media\/17070"}],"wp:attachment":[{"href":"https:\/\/entretormentas.com\/index.php?rest_route=%2Fwp%2Fv2%2Fmedia&parent=17068"}],"wp:term":[{"taxonomy":"category","embeddable":true,"href":"https:\/\/entretormentas.com\/index.php?rest_route=%2Fwp%2Fv2%2Fcategories&post=17068"},{"taxonomy":"post_tag","embeddable":true,"href":"https:\/\/entretormentas.com\/index.php?rest_route=%2Fwp%2Fv2%2Ftags&post=17068"}],"curies":[{"name":"wp","href":"https:\/\/api.w.org\/{rel}","templated":true}]}}