{"id":17078,"date":"2025-05-23T10:44:10","date_gmt":"2025-05-23T08:44:10","guid":{"rendered":"https:\/\/entretormentas.com\/?p=17078"},"modified":"2025-05-23T10:44:11","modified_gmt":"2025-05-23T08:44:11","slug":"aunque-no-participaran-plataforma-unitaria-aclara-que-no-impulsara-boicot-el-25-may","status":"publish","type":"post","link":"https:\/\/entretormentas.com\/aunque-no-participaran-plataforma-unitaria-aclara-que-no-impulsara-boicot-el-25-may\/","title":{"rendered":"\u00a1AUNQUE NO PARTICIPAR\u00c1N! Plataforma Unitaria aclara que no impulsar\u00e1 \u00abboicot\u00bb el 25-May"},"content":{"rendered":"\n<p><strong>ENTRE TORMENTAS.<\/strong> La oposici\u00f3n mayoritaria de Venezuela, agrupada en la Plataforma Unitaria Democr\u00e1tica (PUD), reiter\u00f3 este jueves su rechazo a los comicios legislativos y regionales del domingo y aclar\u00f3 que no impulsar\u00e1 \u00abning\u00fan tipo de boicot\u00bb contra dichas elecciones.<\/p>\n\n\n\n<p>\u00abHoy reiteramos con firmeza que no participaremos en el evento convocado para el 25 de mayo. No realizaremos activismo pol\u00edtico, social ni electoral relacionado con dicho evento, ni tampoco impulsaremos ning\u00fan tipo de boicot\u00bb, se\u00f1al\u00f3 la coalici\u00f3n en un comunicado publicado en X.<\/p>\n\n\n\n<p>La PUD sostuvo que su foco permanece en la organizaci\u00f3n ciudadana, en la defensa del \u00abmandado mayoritario\u00bb, en la exigencia de una negociaci\u00f3n \u00abbasada en la verdad y en la construcci\u00f3n de una salida democr\u00e1tica y duradera\u00bb.<\/p>\n\n\n\n<p>\u00abSeguiremos fortaleciendo nuestra agenda social, visibilizando a los presos pol\u00edticos, promoviendo la formaci\u00f3n de nuevos liderazgos y movilizando al pa\u00eds en defensa de sus derechos\u00bb, a\u00f1adi\u00f3.<\/p>\n\n\n\n<figure class=\"wp-block-image size-full\"><img fetchpriority=\"high\" decoding=\"async\" width=\"300\" height=\"168\" src=\"https:\/\/entretormentas.com\/wp-content\/uploads\/2025\/05\/pudd1.jpeg\" alt=\"\" class=\"wp-image-17079\"\/><\/figure>\n\n\n\n<p>El bloque opositor reiter\u00f3 su compromiso \u00abirreductible\u00bb con la defensa del voto y de la voluntad ciudadana expresada el 28 de julio, detalla EFE.<\/p>\n\n\n\n<p>\u00abNo claudicamos en nuestra lucha por condiciones pol\u00edticas e institucionales reales que permitan la celebraci\u00f3n de elecciones leg\u00edtimas\u00bb, apostill\u00f3.<\/p>\n\n\n\n<p>A su juicio, la \u00abreconstrucci\u00f3n del camino electoral\u00bb requiere de garant\u00edas \u00abclaras y efectivas\u00bb, las cuales \u00abhoy no existen\u00bb.<\/p>\n\n\n\n<p>\u00abPor ello, rechazamos que se pretenda reducir un proceso electoral a una simple adjudicaci\u00f3n de cargos, sin condiciones ni transparencia\u00bb, agreg\u00f3.<\/p>\n\n\n\n<p>Pese a esta decisi\u00f3n de la PUD, partidos integrantes del bloque opositor, como Un Nuevo Tiempo, Movimiento Por Venezuela (MPV), as\u00ed como el exgobernador Henrique Capriles, manifestaron su intenci\u00f3n de participar en estas votaciones.<\/p>\n\n\n\n<p>Capriles indic\u00f3 recientemente en una entrevista a EFE que el voto es un \u00abinstrumento de protestar\u00bb para mantener \u00abviva\u00bb la voz de quienes apoyaron a Edmundo Gonz\u00e1lez en las presidenciales del a\u00f1o pasado.<\/p>\n\n\n\n<p>\u00abYo creo que hay que mantener viva (a) la oposici\u00f3n democr\u00e1tica y no encuentro c\u00f3mo va a mantenerse viva la voz del pueblo venezolano si no se expresa. Pensar que t\u00fa le vas a dar una derrota al Gobierno por no ir a votar, no ha pasado; ya lo has hecho y no ha pasado\u00bb, reiter\u00f3.<br><strong><em>ET \/ Agencias<\/em><\/strong><\/p>\n\n\n\n<p><\/p>\n","protected":false},"excerpt":{"rendered":"<p>ENTRE TORMENTAS. La oposici\u00f3n mayoritaria de Venezuela, agrupada en la Plataforma Unitaria Democr\u00e1tica (PUD), reiter\u00f3&#8230;<\/p>\n","protected":false},"author":2,"featured_media":17080,"comment_status":"closed","ping_status":"open","sticky":false,"template":"","format":"standard","meta":{"footnotes":""},"categories":[56,49],"tags":[],"class_list":["post-17078","post","type-post","status-publish","format-standard","has-post-thumbnail","hentry","category-destacadas","category-nacionales"],"_links":{"self":[{"href":"https:\/\/entretormentas.com\/index.php?rest_route=\/wp\/v2\/posts\/17078","targetHints":{"allow":["GET"]}}],"collection":[{"href":"https:\/\/entretormentas.com\/index.php?rest_route=\/wp\/v2\/posts"}],"about":[{"href":"https:\/\/entretormentas.com\/index.php?rest_route=\/wp\/v2\/types\/post"}],"author":[{"embeddable":true,"href":"https:\/\/entretormentas.com\/index.php?rest_route=\/wp\/v2\/users\/2"}],"replies":[{"embeddable":true,"href":"https:\/\/entretormentas.com\/index.php?rest_route=%2Fwp%2Fv2%2Fcomments&post=17078"}],"version-history":[{"count":1,"href":"https:\/\/entretormentas.com\/index.php?rest_route=\/wp\/v2\/posts\/17078\/revisions"}],"predecessor-version":[{"id":17081,"href":"https:\/\/entretormentas.com\/index.php?rest_route=\/wp\/v2\/posts\/17078\/revisions\/17081"}],"wp:featuredmedia":[{"embeddable":true,"href":"https:\/\/entretormentas.com\/index.php?rest_route=\/wp\/v2\/media\/17080"}],"wp:attachment":[{"href":"https:\/\/entretormentas.com\/index.php?rest_route=%2Fwp%2Fv2%2Fmedia&parent=17078"}],"wp:term":[{"taxonomy":"category","embeddable":true,"href":"https:\/\/entretormentas.com\/index.php?rest_route=%2Fwp%2Fv2%2Fcategories&post=17078"},{"taxonomy":"post_tag","embeddable":true,"href":"https:\/\/entretormentas.com\/index.php?rest_route=%2Fwp%2Fv2%2Ftags&post=17078"}],"curies":[{"name":"wp","href":"https:\/\/api.w.org\/{rel}","templated":true}]}}