{"id":17090,"date":"2025-05-23T19:18:09","date_gmt":"2025-05-23T17:18:09","guid":{"rendered":"https:\/\/entretormentas.com\/?p=17090"},"modified":"2025-05-23T19:18:10","modified_gmt":"2025-05-23T17:18:10","slug":"mensaje-de-juan-pablo-guanipa-tras-su-detencion-estoy-injustamente-preso-pero-nunca-derrotado","status":"publish","type":"post","link":"https:\/\/entretormentas.com\/mensaje-de-juan-pablo-guanipa-tras-su-detencion-estoy-injustamente-preso-pero-nunca-derrotado\/","title":{"rendered":"MENSAJE DE JUAN PABLO GUANIPA TRAS SU DETENCI\u00d3N: \u00abEstoy injustamente preso, pero nunca derrotado\u00bb"},"content":{"rendered":"\n<p><strong>ENTRE TORMENTAS.<\/strong> El dirigente pol\u00edtico, Juan Pablo Guanipa, emiti\u00f3 una carta (previamente escrita) en sus redes sociales tras su detenci\u00f3n por los cuerpos de seguridad del Gobierno nacional este viernes por estar acusado de terrorismo.<\/p>\n\n\n\n<p>\u00abHermanos, si est\u00e1n leyendo esto es porque he sido secuestrado por las fuerzas del r\u00e9gimen de Nicol\u00e1s Maduro. Por meses, yo, como varios venezolanos, he estado en la clandestinidad para mantener mi seguridad. Lamentablemente, mi tiempo en resguardo lleg\u00f3 a su fin. Hoy estoy injustamente preso, pero nunca derrotado\u00bb, indic\u00f3 en su red social X (Twitter).<\/p>\n\n\n\n<p>En ese sentido, acot\u00f3 que a partir de este viernes forma parte de la lista de venezolanos \u00absecuestrados por la dictadura\u00bb.<\/p>\n\n\n\n<figure class=\"wp-block-image size-large\"><img fetchpriority=\"high\" decoding=\"async\" width=\"1024\" height=\"570\" src=\"https:\/\/entretormentas.com\/wp-content\/uploads\/2025\/05\/juanp2-1024x570.jpeg\" alt=\"\" class=\"wp-image-17091\" srcset=\"https:\/\/entretormentas.com\/wp-content\/uploads\/2025\/05\/juanp2-1024x570.jpeg 1024w, https:\/\/entretormentas.com\/wp-content\/uploads\/2025\/05\/juanp2-300x167.jpeg 300w, https:\/\/entretormentas.com\/wp-content\/uploads\/2025\/05\/juanp2-768x428.jpeg 768w, https:\/\/entretormentas.com\/wp-content\/uploads\/2025\/05\/juanp2.jpeg 1036w\" sizes=\"(max-width: 1024px) 100vw, 1024px\" \/><\/figure>\n\n\n\n<p>\u00abEsto es un secuestro que ha sido motivado por una sola raz\u00f3n: el miedo del r\u00e9gimen al pueblo venezolano. El miedo de la dictadura al esp\u00edritu del 28 y 29 de julio. Estos d\u00edas dejaron en claro que el r\u00e9gimen nunca podr\u00e1 doblegar el esp\u00edritu libertario del venezolano y que a pesar de a\u00f1os tratando de quebrarnos, los venezolanos nunca abandonaremos nuestro ADN democr\u00e1tico. Por eso secuestran e intimidan\u00bb, expres\u00f3.<\/p>\n\n\n\n<p>\u00abVenezuela les qued\u00f3 muy grande y se escudan en la brutalidad y la crueldad para mantenerse en el poder. Durante estos meses en la clandestinidad que hoy termina, las im\u00e1genes de los venezolanos defendiendo los votos el 28 de julio frente a las hordas del r\u00e9gimen y los videos del pueblo venezolano en rebeld\u00eda el 29 de julio alimentaron mi determinaci\u00f3n de seguir luchando\u00bb, acot\u00f3.<\/p>\n\n\n\n<p>Destac\u00f3 que esa valent\u00eda ser\u00e1 la misma que espera lo mantenga firme en esta nueva etapa de lucha.<\/p>\n\n\n\n<p>\u00abAunque el r\u00e9gimen hoy se anota una \u2018victoria\u2019 (como si secuestrar a un venezolano fuese una gran labor) yo estoy mas seguro que nunca que la victoria final ser\u00e1 para nosotros, el pueblo venezolano. No tengo certeza de que me ira a pasar a mi en las pr\u00f3ximas horas, d\u00edas y semanas. Pero de lo que s\u00ed estoy seguro, es que ganaremos la larga lucha en contra de la dictadura\u00bb, manifest\u00f3.<\/p>\n\n\n\n<figure class=\"wp-block-image size-full\"><img decoding=\"async\" width=\"764\" height=\"419\" src=\"https:\/\/entretormentas.com\/wp-content\/uploads\/2025\/05\/juanp3.jpeg\" alt=\"\" class=\"wp-image-17092\" srcset=\"https:\/\/entretormentas.com\/wp-content\/uploads\/2025\/05\/juanp3.jpeg 764w, https:\/\/entretormentas.com\/wp-content\/uploads\/2025\/05\/juanp3-300x165.jpeg 300w\" sizes=\"(max-width: 764px) 100vw, 764px\" \/><\/figure>\n\n\n\n<p>Juan Pablo Guanipa destac\u00f3 que \u00abpronto llegar\u00e1 el d\u00eda cuando estaremos corriendo en las calles, no huyendo de la represi\u00f3n, sino a abrazarnos y celebrar la libertad. Pronto llegar\u00e1 el d\u00eda cuando iremos a los aeropuertos, no a despedirnos de nuestro pa\u00eds, sino a saludar a nuestros hermanos, hijos y amigos que regresan. Pronto llegar\u00e1 el d\u00eda cuando los venezolanos iremos a las c\u00e1rceles, no como secuestrados, sino para liberar a los presos pol\u00edticos. Pronto llegar\u00e1 el d\u00eda cuando la democracia no ser\u00e1 una fantas\u00eda, sino nuestra realidad\u00bb.<\/p>\n\n\n\n<p><strong>CABELLO CONFIRM\u00d3 LA CAPTURA<\/strong><br>El dirigente pol\u00edtico venezolano, Juan Pablo Guanipa, fue detenido en la madrugada de este viernes 23 de mayo, seg\u00fan confirm\u00f3 el ministro del Interior y Justicia del r\u00e9gimen de Venezuela, Diosdado Cabello.<\/p>\n\n\n\n<p>Cabello present\u00f3 im\u00e1genes del momento de la detenci\u00f3n y lo se\u00f1al\u00f3 de ser \u00abjefe\u00bb de un grupo \u00abterrorista\u00bb.<\/p>\n\n\n\n<p>El ministro asegur\u00f3 contar con pruebas materiales, como agendas y diarios personales, que supuestamente demostrar\u00edan planes para obstaculizar los comicios.<br><strong><em>ET \/ Caraota Digital \/ Agencias<\/em><\/strong><\/p>\n\n\n\n<p><\/p>\n","protected":false},"excerpt":{"rendered":"<p>ENTRE TORMENTAS. El dirigente pol\u00edtico, Juan Pablo Guanipa, emiti\u00f3 una carta (previamente escrita) en sus&#8230;<\/p>\n","protected":false},"author":2,"featured_media":17093,"comment_status":"closed","ping_status":"open","sticky":false,"template":"","format":"standard","meta":{"footnotes":""},"categories":[56,49],"tags":[],"class_list":["post-17090","post","type-post","status-publish","format-standard","has-post-thumbnail","hentry","category-destacadas","category-nacionales"],"_links":{"self":[{"href":"https:\/\/entretormentas.com\/index.php?rest_route=\/wp\/v2\/posts\/17090","targetHints":{"allow":["GET"]}}],"collection":[{"href":"https:\/\/entretormentas.com\/index.php?rest_route=\/wp\/v2\/posts"}],"about":[{"href":"https:\/\/entretormentas.com\/index.php?rest_route=\/wp\/v2\/types\/post"}],"author":[{"embeddable":true,"href":"https:\/\/entretormentas.com\/index.php?rest_route=\/wp\/v2\/users\/2"}],"replies":[{"embeddable":true,"href":"https:\/\/entretormentas.com\/index.php?rest_route=%2Fwp%2Fv2%2Fcomments&post=17090"}],"version-history":[{"count":1,"href":"https:\/\/entretormentas.com\/index.php?rest_route=\/wp\/v2\/posts\/17090\/revisions"}],"predecessor-version":[{"id":17094,"href":"https:\/\/entretormentas.com\/index.php?rest_route=\/wp\/v2\/posts\/17090\/revisions\/17094"}],"wp:featuredmedia":[{"embeddable":true,"href":"https:\/\/entretormentas.com\/index.php?rest_route=\/wp\/v2\/media\/17093"}],"wp:attachment":[{"href":"https:\/\/entretormentas.com\/index.php?rest_route=%2Fwp%2Fv2%2Fmedia&parent=17090"}],"wp:term":[{"taxonomy":"category","embeddable":true,"href":"https:\/\/entretormentas.com\/index.php?rest_route=%2Fwp%2Fv2%2Fcategories&post=17090"},{"taxonomy":"post_tag","embeddable":true,"href":"https:\/\/entretormentas.com\/index.php?rest_route=%2Fwp%2Fv2%2Ftags&post=17090"}],"curies":[{"name":"wp","href":"https:\/\/api.w.org\/{rel}","templated":true}]}}