{"id":17106,"date":"2025-05-24T15:29:23","date_gmt":"2025-05-24T13:29:23","guid":{"rendered":"https:\/\/entretormentas.com\/?p=17106"},"modified":"2025-05-24T15:29:24","modified_gmt":"2025-05-24T13:29:24","slug":"en-san-francisco-imasur-mantiene-operativos-especiales-de-limpieza-para-erradicar-vertederos","status":"publish","type":"post","link":"https:\/\/entretormentas.com\/en-san-francisco-imasur-mantiene-operativos-especiales-de-limpieza-para-erradicar-vertederos\/","title":{"rendered":"\u00a1EN SAN FRANCISCO! Imasur mantiene operativos especiales de limpieza para erradicar vertederos"},"content":{"rendered":"\n<p><strong>ENTRE TORMENTAS.<\/strong> El Alcalde Gustavo Fern\u00e1ndez contin\u00faa cumpliendo con su palabra empe\u00f1ada, de mantener un municipio con vialidades limpias, en esta oportunidad en la parroquia Domitila Flores, espec\u00edficamente en la calle 175 conocida como la v\u00eda Los Cocos; y en la parroquia Marcial Hern\u00e1ndez, en la carretera v\u00eda Perij\u00e1 sector Villa Mercal, al lado del Ince.<\/p>\n\n\n\n<p>Carlos Calles, presidente del Instituto Municipal de Ambiente y Aseo Urbano (Imasur), se\u00f1al\u00f3 que el 80% de la basura que se est\u00e1 recolectando son desechos vegetales que las personas constantemente lanzan, formando focos considerables de basura.<\/p>\n\n\n\n<p>\u201cEstamos realizando este operativo especial haciendo seguimiento a los vertederos a cielo abierto improvisados, producto de los desechos s\u00f3lidos que los vecinos vierten en lugares deliberadamente, por tal motivo hacemos un llamado para que verdaderamente hagan un esfuerzo y esperen a que el cami\u00f3n de aseo pase por sus casas a recoger los desechos s\u00f3lidos\u201d, indic\u00f3 Calles.<\/p>\n\n\n\n<figure class=\"wp-block-image size-large\"><img fetchpriority=\"high\" decoding=\"async\" width=\"1024\" height=\"680\" src=\"https:\/\/entretormentas.com\/wp-content\/uploads\/2025\/05\/playon2-1024x680.jpeg\" alt=\"\" class=\"wp-image-17107\" srcset=\"https:\/\/entretormentas.com\/wp-content\/uploads\/2025\/05\/playon2-1024x680.jpeg 1024w, https:\/\/entretormentas.com\/wp-content\/uploads\/2025\/05\/playon2-300x199.jpeg 300w, https:\/\/entretormentas.com\/wp-content\/uploads\/2025\/05\/playon2-768x510.jpeg 768w, https:\/\/entretormentas.com\/wp-content\/uploads\/2025\/05\/playon2.jpeg 1280w\" sizes=\"(max-width: 1024px) 100vw, 1024px\" \/><\/figure>\n\n\n\n<p>El presidente de Imasur tambi\u00e9n inform\u00f3 que est\u00e1n abocados al trabajo en las comunidades, a pesar de que en semanas anteriores tuvieron retrasos e inconvenientes, debido a las lluvias que azotaron el relleno sanitario.<\/p>\n\n\n\n<p>\u201cHicimos una reorganizaci\u00f3n y reconducimos las operaciones para que hoy tengamos camiones compactadores disponibles, seguimos trabajando para tener un municipio limpio y digno como todos los sanfranciscanos lo merecemos, porque con Gustavo Fern\u00e1ndez seguimos gobernando para el bien\u201d, manifest\u00f3 Calles.<\/p>\n\n\n\n<p>Los residentes de la v\u00eda a Los Cocos, espec\u00edficamente del barrio D\u00eda de las Madres y Blanquita de P\u00e9rez, aseguraron que la recolecci\u00f3n domiciliaria se cumple una vez a la semana. Wilma S\u00e1nchez, habitante de la zona, agradeci\u00f3 los trabajos de recolecci\u00f3n que est\u00e1n realizando. \u201cQueremos hacer un llamado para que la comunidad tambi\u00e9n tenga conciencia, ya que ellos vienen a echar la basura aqu\u00ed, si la gente nos colabora podemos hacer que esta v\u00eda principal est\u00e9 en mejores condiciones\u201d.<\/p>\n\n\n\n<p><strong>HABLA LA COMUNIDAD<\/strong><br>Carlos S\u00e1nchez reconoci\u00f3 que a diario buscan soluciones que les permitan mantener el espacio limpio. \u201cEstamos colaborando el d\u00eda de hoy, tratando de que, a partir de ma\u00f1ana con ayuda de las autoridades competentes, la comunidad y vecinos de los barrios: 24 de Julio, La Modelo, La Coromoto y La Popular, entiendan que nosotros necesitamos que esto se mantenga limpio y que no se puede echar basura.\u201d<\/p>\n\n\n\n<figure class=\"wp-block-image size-large\"><img decoding=\"async\" width=\"1024\" height=\"680\" src=\"https:\/\/entretormentas.com\/wp-content\/uploads\/2025\/05\/playon3-1024x680.jpeg\" alt=\"\" class=\"wp-image-17108\" srcset=\"https:\/\/entretormentas.com\/wp-content\/uploads\/2025\/05\/playon3-1024x680.jpeg 1024w, https:\/\/entretormentas.com\/wp-content\/uploads\/2025\/05\/playon3-300x199.jpeg 300w, https:\/\/entretormentas.com\/wp-content\/uploads\/2025\/05\/playon3-768x510.jpeg 768w, https:\/\/entretormentas.com\/wp-content\/uploads\/2025\/05\/playon3.jpeg 1280w\" sizes=\"(max-width: 1024px) 100vw, 1024px\" \/><\/figure>\n\n\n\n<p>Anyibel Vera, habitante del sector, afirm\u00f3 que en el barrio D\u00eda de las Madres, el aseo pasa los d\u00edas viernes cumpliendo la recolecci\u00f3n domiciliaria, y en la calle principal v\u00eda a Los Cocos pasa el aseo todas las noches, constantemente se recoge la basura, pero la comunidad no deja de traer sus desechos, la \u00fanica manera de que esto pueda mejorar, es que pongan seguridad que indique a las personas que no debe traer m\u00e1s desechos a esta zona.\u201d<\/p>\n\n\n\n<p>Por \u00faltimo, Mari\u00e9 Montilla de S\u00e1nchez manifest\u00f3 su agradecimiento a Dios y a la Alcald\u00eda del municipio San Francisco as\u00ed como tambi\u00e9n al alcalde Gustavo Fern\u00e1ndez. \u201cPorque ya no pod\u00edamos con el olor, las moscas y la basura, la gente no ha tomado conciencia y ha convertido esto en un basurero, muy agradecida con la alcald\u00eda que est\u00e1 haciendo un gran trabajo\u201d, finaliz\u00f3.<br><strong><em>ET \/ Nota de Prensa<\/em><\/strong><\/p>\n","protected":false},"excerpt":{"rendered":"<p>ENTRE TORMENTAS. El Alcalde Gustavo Fern\u00e1ndez contin\u00faa cumpliendo con su palabra empe\u00f1ada, de mantener un&#8230;<\/p>\n","protected":false},"author":2,"featured_media":17109,"comment_status":"closed","ping_status":"open","sticky":false,"template":"","format":"standard","meta":{"footnotes":""},"categories":[57,1],"tags":[],"class_list":["post-17106","post","type-post","status-publish","format-standard","has-post-thumbnail","hentry","category-actualidad","category-regionales"],"_links":{"self":[{"href":"https:\/\/entretormentas.com\/index.php?rest_route=\/wp\/v2\/posts\/17106","targetHints":{"allow":["GET"]}}],"collection":[{"href":"https:\/\/entretormentas.com\/index.php?rest_route=\/wp\/v2\/posts"}],"about":[{"href":"https:\/\/entretormentas.com\/index.php?rest_route=\/wp\/v2\/types\/post"}],"author":[{"embeddable":true,"href":"https:\/\/entretormentas.com\/index.php?rest_route=\/wp\/v2\/users\/2"}],"replies":[{"embeddable":true,"href":"https:\/\/entretormentas.com\/index.php?rest_route=%2Fwp%2Fv2%2Fcomments&post=17106"}],"version-history":[{"count":1,"href":"https:\/\/entretormentas.com\/index.php?rest_route=\/wp\/v2\/posts\/17106\/revisions"}],"predecessor-version":[{"id":17110,"href":"https:\/\/entretormentas.com\/index.php?rest_route=\/wp\/v2\/posts\/17106\/revisions\/17110"}],"wp:featuredmedia":[{"embeddable":true,"href":"https:\/\/entretormentas.com\/index.php?rest_route=\/wp\/v2\/media\/17109"}],"wp:attachment":[{"href":"https:\/\/entretormentas.com\/index.php?rest_route=%2Fwp%2Fv2%2Fmedia&parent=17106"}],"wp:term":[{"taxonomy":"category","embeddable":true,"href":"https:\/\/entretormentas.com\/index.php?rest_route=%2Fwp%2Fv2%2Fcategories&post=17106"},{"taxonomy":"post_tag","embeddable":true,"href":"https:\/\/entretormentas.com\/index.php?rest_route=%2Fwp%2Fv2%2Ftags&post=17106"}],"curies":[{"name":"wp","href":"https:\/\/api.w.org\/{rel}","templated":true}]}}