{"id":17115,"date":"2025-05-24T15:37:34","date_gmt":"2025-05-24T13:37:34","guid":{"rendered":"https:\/\/entretormentas.com\/?p=17115"},"modified":"2025-05-24T15:37:34","modified_gmt":"2025-05-24T13:37:34","slug":"tomas-guanipa-tras-captura-de-su-hermano-nos-toco-vivirlo-en-carne-propia-pero-no-podemos-rendirnos","status":"publish","type":"post","link":"https:\/\/entretormentas.com\/tomas-guanipa-tras-captura-de-su-hermano-nos-toco-vivirlo-en-carne-propia-pero-no-podemos-rendirnos\/","title":{"rendered":"TOM\u00c1S GUANIPA TRAS CAPTURA DE SU HERMANO: \u201cNos toc\u00f3 vivirlo en carne propia, pero no podemos rendirnos\u201d"},"content":{"rendered":"\n<p><strong>ENTRE TORMENTAS. <\/strong>Tom\u00e1s Guanipa, dirigente pol\u00edtico venezolano, se pronunci\u00f3 en rechazo a la aprehensi\u00f3n de su hermano, Juan Pablo Guanipa, este viernes 23 de mayo calific\u00e1ndola de \u00abdetenci\u00f3n arbitraria\u00bb y un \u00abnuevo cap\u00edtulo de persecuci\u00f3n\u00bb, contra quienes piensan distinto en Venezuela.<\/p>\n\n\n\n<p>Juan Pablo Guanipa fue detenido este viernes 23 de mayo por encabezar una red de terrorismo y conspiraci\u00f3n destinado a subvertir el proceso electoral pautado para el domingo 25 de mayo. La informaci\u00f3n fue confirmada por el vicepresidente sectorial de Pol\u00edtica, Seguridad Ciudadana y Paz, Diosdado Cabello.<\/p>\n\n\n\n<p>Al respecto, Tom\u00e1s Guanipa asegur\u00f3 \u201cnunca pensamos que nos tocar\u00eda vivirlo en carne propia, pero hace ya m\u00e1s de ocho meses mi hermano Pedro Guanipa y otros hermanos de vida como Rafael Ram\u00edrez, Goyo Graterol y muchos otros han visto en carne propia y nos ha hecho sentir como familia lo que significa la persecuci\u00f3n de este r\u00e9gimen. Pareciera que la paz que ellos quieren es la paz de los sepulcros, del silencio, miedo y eso es exactamente contra lo que tenemos que luchar\u201d, manifest\u00f3<\/p>\n\n\n\n<figure class=\"wp-block-image size-full\"><img fetchpriority=\"high\" decoding=\"async\" width=\"768\" height=\"450\" src=\"https:\/\/entretormentas.com\/wp-content\/uploads\/2025\/05\/TOMASGUANI2.jpeg\" alt=\"\" class=\"wp-image-17116\" srcset=\"https:\/\/entretormentas.com\/wp-content\/uploads\/2025\/05\/TOMASGUANI2.jpeg 768w, https:\/\/entretormentas.com\/wp-content\/uploads\/2025\/05\/TOMASGUANI2-300x176.jpeg 300w\" sizes=\"(max-width: 768px) 100vw, 768px\" \/><\/figure>\n\n\n\n<p><strong>PROHIBIDO RENDIRSE<\/strong><br>Insisti\u00f3 en que no pueden rendirse y explic\u00f3 que en ese sentido lo que ha ocurrido con la detenci\u00f3n arbitraria de Juan Pablo Guanipa no es otra cosa m\u00e1s que \u201cun nuevo cap\u00edtulo de persecuci\u00f3n del r\u00e9gimen contra todo un pueblo\u201d que lo que ha hecho es pensar distinto a ellos y anhelar un cambio en libertad y en democracia.<\/p>\n\n\n\n<p>\u201cQueremos rechazar esta detenci\u00f3n arbitraria y sobre todo lo que significa someter a la humillaci\u00f3n a una persona que goza del afecto, del respeto y del cari\u00f1o de todos los venezolanos. Independientemente de las diferencias de opiniones es un hombre que se ha ganado el respeto y el afecto de toda Venezuela\u201d, sentenci\u00f3 el dirigente pol\u00edtico.<\/p>\n\n\n\n<p>Agreg\u00f3 que intentan con ello, profundizar la divisi\u00f3n, confrontaci\u00f3n, alentar a que el pa\u00eds no se movilice y no luche por un cambio, por lo que considera que quienes quieren un pa\u00eds libre deben reflexionar sobre qui\u00e9n es el verdadero adversario.<\/p>\n\n\n\n<p>\u201cNuestro verdadero adversario son quienes est\u00e1n en el poder desde hace a\u00f1os, usurpando lo que es el derecho de los venezolanos a poder escoger su futuro, que han utilizado todo lo que significa la violencia para poder intentar mantenerse en el poder, que usan las instituciones del Estado y que usan la fuerza para poder tratar de arrodillar a un pueblo que no se va a arrodillar jam\u00e1s. Y por eso hoy somos no solamente solidarios con Juan Pablo, por supuesto, y con todos los que han sido detenidos, sino solidarios con el pueblo venezolano\u201d, dijo Guanipa.<\/p>\n\n\n\n<figure class=\"wp-block-image size-full\"><img decoding=\"async\" width=\"768\" height=\"450\" src=\"https:\/\/entretormentas.com\/wp-content\/uploads\/2025\/05\/juanp1-1.jpeg\" alt=\"\" class=\"wp-image-17117\" srcset=\"https:\/\/entretormentas.com\/wp-content\/uploads\/2025\/05\/juanp1-1.jpeg 768w, https:\/\/entretormentas.com\/wp-content\/uploads\/2025\/05\/juanp1-1-300x176.jpeg 300w\" sizes=\"(max-width: 768px) 100vw, 768px\" \/><\/figure>\n\n\n\n<p><strong>Persecuci\u00f3n<\/strong><br>A su juicio, el pa\u00eds ha sufrido la persecuci\u00f3n que se traduce en la separaci\u00f3n de la familia, en hijos que se van del pa\u00eds, en nietos que se conocen a trav\u00e9s de la pantalla de un televisor; cuando un padre o una madre llora la muerte de un hijo de forma violenta en un pa\u00eds donde no hay derecho para nadie.<\/p>\n\n\n\n<p>\u201cEste pa\u00eds sufre la persecuci\u00f3n cuando miles de familiares tienen a centenares y centenares de presos sin haber cometido ning\u00fan delito, sino pensar distinto. El momento en lo que deber\u00edamos estar m\u00e1s bien buscando c\u00f3mo logramos solucionar el drama enorme que vive este pa\u00eds\u201d.<\/p>\n\n\n\n<p>Reiter\u00f3 que alzan la voz, conscientes de la dificultad que se est\u00e1 viviendo, pero convencidos que esta lucha tiene que mantenerles unidos, por lo que llaman no solamente a la uni\u00f3n, sino tambi\u00e9n a que se tenga un debate constructivo sobre el futuro que se quiere y por cada uno de los presos pol\u00edticos luchar por su liberaci\u00f3n, as\u00ed como tambi\u00e9n luchar para que nunca m\u00e1s nadie sea apresado por pensar distinto.<\/p>\n\n\n\n<p>\u201cHoy estoy seguro que este pueblo est\u00e1 m\u00e1s indignado que nunca. Somos muchos m\u00e1s los que votamos y los que votamos el 28 de julio que quieren un cambio en el pa\u00eds, Venezuela ser\u00e1 libre y junto vamos a recobrar ese derecho a la justicia que tenemos y ese derecho a volvernos a encontrar en las calles y volvernos a unir como familia y como pa\u00eds para construir un pa\u00eds de oportunidades para todos por igual\u201d, asegur\u00f3.<br><strong><em>ET \/ El Regional del Zulia<\/em><\/strong><\/p>\n\n\n\n<p><\/p>\n","protected":false},"excerpt":{"rendered":"<p>ENTRE TORMENTAS. Tom\u00e1s Guanipa, dirigente pol\u00edtico venezolano, se pronunci\u00f3 en rechazo a la aprehensi\u00f3n de&#8230;<\/p>\n","protected":false},"author":2,"featured_media":17118,"comment_status":"closed","ping_status":"open","sticky":false,"template":"","format":"standard","meta":{"footnotes":""},"categories":[57,1],"tags":[],"class_list":["post-17115","post","type-post","status-publish","format-standard","has-post-thumbnail","hentry","category-actualidad","category-regionales"],"_links":{"self":[{"href":"https:\/\/entretormentas.com\/index.php?rest_route=\/wp\/v2\/posts\/17115","targetHints":{"allow":["GET"]}}],"collection":[{"href":"https:\/\/entretormentas.com\/index.php?rest_route=\/wp\/v2\/posts"}],"about":[{"href":"https:\/\/entretormentas.com\/index.php?rest_route=\/wp\/v2\/types\/post"}],"author":[{"embeddable":true,"href":"https:\/\/entretormentas.com\/index.php?rest_route=\/wp\/v2\/users\/2"}],"replies":[{"embeddable":true,"href":"https:\/\/entretormentas.com\/index.php?rest_route=%2Fwp%2Fv2%2Fcomments&post=17115"}],"version-history":[{"count":1,"href":"https:\/\/entretormentas.com\/index.php?rest_route=\/wp\/v2\/posts\/17115\/revisions"}],"predecessor-version":[{"id":17119,"href":"https:\/\/entretormentas.com\/index.php?rest_route=\/wp\/v2\/posts\/17115\/revisions\/17119"}],"wp:featuredmedia":[{"embeddable":true,"href":"https:\/\/entretormentas.com\/index.php?rest_route=\/wp\/v2\/media\/17118"}],"wp:attachment":[{"href":"https:\/\/entretormentas.com\/index.php?rest_route=%2Fwp%2Fv2%2Fmedia&parent=17115"}],"wp:term":[{"taxonomy":"category","embeddable":true,"href":"https:\/\/entretormentas.com\/index.php?rest_route=%2Fwp%2Fv2%2Fcategories&post=17115"},{"taxonomy":"post_tag","embeddable":true,"href":"https:\/\/entretormentas.com\/index.php?rest_route=%2Fwp%2Fv2%2Ftags&post=17115"}],"curies":[{"name":"wp","href":"https:\/\/api.w.org\/{rel}","templated":true}]}}