{"id":17120,"date":"2025-05-24T15:45:03","date_gmt":"2025-05-24T13:45:03","guid":{"rendered":"https:\/\/entretormentas.com\/?p=17120"},"modified":"2025-05-24T15:45:04","modified_gmt":"2025-05-24T13:45:04","slug":"ademas-de-juan-pablo-guanipa-detenidos-por-terroristas-un-argentino-un-aleman-politicos-y-otros-extranjeros","status":"publish","type":"post","link":"https:\/\/entretormentas.com\/ademas-de-juan-pablo-guanipa-detenidos-por-terroristas-un-argentino-un-aleman-politicos-y-otros-extranjeros\/","title":{"rendered":"\u00a1ADEM\u00c1S DE JUAN PABLO GUANIPA! Detenidos por \u00abterroristas\u00bb un argentino, un alem\u00e1n, pol\u00edticos y otros extranjeros"},"content":{"rendered":"\n<p><strong>ENTRE TORMENTAS.<\/strong> El ministro del Interior de Venezuela, Diosdado Cabello, anunci\u00f3 este viernes que las fuerzas de seguridad arrestaron a un abogado argentino junto a un grupo de venezolanos, adem\u00e1s de la detenci\u00f3n del dirigente opositor Juan Pablo Guanipa, a quien relacion\u00f3 con una supuesta \u201cred terrorista\u201d para atentar contra las elecciones legislativas y de gobernadores del domingo.<\/p>\n\n\n\n<p>Seg\u00fan inform\u00f3 Cabello en un anuncio televisado, el argentino detenido es Germ\u00e1n Dar\u00edo Giuliano. El funcionario dijo que el hombre fue capturado en un velero junto a tres venezolanos, todos acusados de planificar operaciones terroristas de cara a las elecciones del pr\u00f3ximo domingo.<\/p>\n\n\n\n<figure class=\"wp-block-image size-full\"><img fetchpriority=\"high\" decoding=\"async\" width=\"585\" height=\"390\" src=\"https:\/\/entretormentas.com\/wp-content\/uploads\/2025\/05\/CAPTURADO1.jpeg\" alt=\"\" class=\"wp-image-17121\" srcset=\"https:\/\/entretormentas.com\/wp-content\/uploads\/2025\/05\/CAPTURADO1.jpeg 585w, https:\/\/entretormentas.com\/wp-content\/uploads\/2025\/05\/CAPTURADO1-300x200.jpeg 300w\" sizes=\"(max-width: 585px) 100vw, 585px\" \/><\/figure>\n\n\n\n<p>Durante una declaraci\u00f3n de prensa en la que anunci\u00f3 la detenci\u00f3n de Guanipa -que conmocion\u00f3 a la oposici\u00f3n venezolana-, Cabello mostr\u00f3 im\u00e1genes de Giuliani, pero no entreg\u00f3 m\u00e1s detalles sobre los cargos, fechas, circunstancias de la detenci\u00f3n ni por qu\u00e9 est\u00e1 en Venezuela.<\/p>\n\n\n\n<p>Seg\u00fan sus redes sociales, Giuliano es un abogado especializado en derecho penal y est\u00e1 al frente de un estudio que \u00e9l mismo fund\u00f3 llamado GDG. Su \u00faltimo posteo en Instagram lo mostraba, hace dos semanas, en un restaurante en Anzo\u00e1tegui, al este de Caracas, en la costa Venezuela.<\/p>\n\n\n\n<figure class=\"wp-block-image size-full\"><img decoding=\"async\" width=\"585\" height=\"390\" src=\"https:\/\/entretormentas.com\/wp-content\/uploads\/2025\/05\/CAPTURADO2.jpeg\" alt=\"\" class=\"wp-image-17122\" srcset=\"https:\/\/entretormentas.com\/wp-content\/uploads\/2025\/05\/CAPTURADO2.jpeg 585w, https:\/\/entretormentas.com\/wp-content\/uploads\/2025\/05\/CAPTURADO2-300x200.jpeg 300w\" sizes=\"(max-width: 585px) 100vw, 585px\" \/><\/figure>\n\n\n\n<p>DETENIDO UN ALEM\u00c1N<br>Cabello dijo que adem\u00e1s detuvieron a un ciudadano alem\u00e1n que identific\u00f3 como Michel Alfred Gustav, \u201cvinculado al narcotr\u00e1fico y trata de personas, capturado en el estado Zulia\u201d, en el oeste del pa\u00eds.<\/p>\n\n\n\n<p>Este mi\u00e9rcoles, Pablo Gonzalo Carrasco, quien tambi\u00e9n ten\u00eda ciudadan\u00eda italiana, fue detenido al llegar a Venezuela junto a un socio espa\u00f1ol, acusado de ser mercenario y terrorista, y liberado horas despu\u00e9s.<\/p>\n\n\n\n<figure class=\"wp-block-image size-full\"><img decoding=\"async\" width=\"585\" height=\"390\" src=\"https:\/\/entretormentas.com\/wp-content\/uploads\/2025\/05\/CAPTURADO3.jpeg\" alt=\"\" class=\"wp-image-17123\" srcset=\"https:\/\/entretormentas.com\/wp-content\/uploads\/2025\/05\/CAPTURADO3.jpeg 585w, https:\/\/entretormentas.com\/wp-content\/uploads\/2025\/05\/CAPTURADO3-300x200.jpeg 300w\" sizes=\"(max-width: 585px) 100vw, 585px\" \/><\/figure>\n\n\n\n<p>Carrasco es un experto en ciberseguridad que hab\u00eda llegado a Venezuela esta semana para participar en una conferencia.<\/p>\n\n\n\n<p>Esta situaci\u00f3n se suma a la detenci\u00f3n del gendarme argentino Nahuel Gallo, preso desde diciembre pasado, y acusado por Nicol\u00e1s Maduro, sin pruebas, de formar parte de una \u201cconspiraci\u00f3n\u201d para asesinar a su vicepresidenta, Delcy Rodr\u00edguez.<\/p>\n\n\n\n<figure class=\"wp-block-image size-full\"><img loading=\"lazy\" decoding=\"async\" width=\"585\" height=\"390\" src=\"https:\/\/entretormentas.com\/wp-content\/uploads\/2025\/05\/CAPTURADO4.jpeg\" alt=\"\" class=\"wp-image-17124\" srcset=\"https:\/\/entretormentas.com\/wp-content\/uploads\/2025\/05\/CAPTURADO4.jpeg 585w, https:\/\/entretormentas.com\/wp-content\/uploads\/2025\/05\/CAPTURADO4-300x200.jpeg 300w\" sizes=\"(max-width: 585px) 100vw, 585px\" \/><\/figure>\n\n\n\n<p><strong>M\u00c1S DETENIDOS<\/strong><br>Mar\u00eda Teresa Clavijo es una de los financistas de los mercenarios. \u00abSe le garantizar\u00e1n todos sus derechos, pero le toca rendir cuentas a la justicia\u00bb, sentenci\u00f3.<\/p>\n\n\n\n<p>Los capturados hasta el momento son los operadores de los hechos de violencia en el pa\u00eds, incaut\u00e1ndoles armamento y dinero. Los nombres fueron tomados de la agenda de Juan Carlos Guanipa. Van 70 detenidos\u00bb, dijo Cabello.<\/p>\n\n\n\n<p>Agreg\u00f3 que hace un par de horas fue capturado en Bol\u00edvar a un mercenario que ven\u00eda de Ecuador, con antecedentes de asesinos, dijo.<\/p>\n\n\n\n<figure class=\"wp-block-image size-full\"><img loading=\"lazy\" decoding=\"async\" width=\"768\" height=\"538\" src=\"https:\/\/entretormentas.com\/wp-content\/uploads\/2025\/05\/CAPTURADO5.jpeg\" alt=\"\" class=\"wp-image-17125\" srcset=\"https:\/\/entretormentas.com\/wp-content\/uploads\/2025\/05\/CAPTURADO5.jpeg 768w, https:\/\/entretormentas.com\/wp-content\/uploads\/2025\/05\/CAPTURADO5-300x210.jpeg 300w\" sizes=\"(max-width: 768px) 100vw, 768px\" \/><\/figure>\n\n\n\n<p>Tambi\u00e9n fueron arrestados ciudadanos pakistan\u00edes con documentos de identidad falsos, dijo. \u00abNo tienen l\u00edneas, sino que se comunican por wifi, pero ya tenemos el m\u00e9todo para ubicarlos, con o sin l\u00ednea\u00bb.<\/p>\n\n\n\n<p>Mencion\u00f3 de nuevo al alban\u00e9s colombiano apresado, funcionario que ejerc\u00eda en Colombia su ciudadan\u00eda, quien pag\u00f3 para no aparecer en ning\u00fan registro. Le descubrimos dinero del narcotr\u00e1fico que era destinado para financiar los planes de la ultra derecha.<\/p>\n\n\n\n<p>\u00abEl b\u00falgaro es serbio, de nombre Antum\u00bb, dijo tras corregir el dato mencionado el mi\u00e9rcoles durante su programa Con el Mazo Dando, explicando que se trata de un mercenario dedicado al narcotr\u00e1fico.<\/p>\n\n\n\n<p>\u00abLa ultraderecha perdi\u00f3 la verg\u00fcenza pol\u00edtica,. ese se\u00f1or maneja cuentas de m\u00e1s de mil millones de d\u00f3lares. Esa persona entr\u00f3 por Colombia y fue detenido en el a\u00f1o 2023 e iba a ser deportado. En el aeropuerto, se fug\u00f3 en las narices de las autoridades. Trat\u00f3 de entrar a Venezuela para esta operaci\u00f3n, pero lo capturamos\u00bb, dijo Cabello. Era requerido por el env\u00edo de 47 kilos de coca\u00edna en Italia, por lo que iba a ser deportado, refiere la nota transmitida en 2023 por un medio colombiano, la cual que reprodujo Cabello durante la rueda de prensa.<\/p>\n\n\n\n<p>Germ\u00e1n Dar\u00ed Giuliani, es el nombre del argentino capturado en esta operaci\u00f3n junto al serbio y un grupo de venezolanos. Tambi\u00e9n un ciudadano alem\u00e1n, Michel Alfred Gustav, vinculado al narcotr\u00e1fico y trata de personas, capturado en el estado Zulia<\/p>\n\n\n\n<p>\u00abEs el ofrecimiento de Mar\u00eda Machado y Juan Guaid\u00f3 para garantizar el paso de la droga Colombiana por Venezuela\u00bb.<\/p>\n\n\n\n<p>LOS COYOTES<br>As\u00ed como este serbio ten\u00eda un pasaporte b\u00falgaro, fue detenido en Lara, y le descubrimos vinculaciones telef\u00f3nicas con David Smolanski, son los mismos de siempre, detalles de c\u00f3mo iban a sacar a los venezolanos.<\/p>\n\n\n\n<p>Armas, explosivos, v\u00ednculos con el narcotr\u00e1fico, todo en un cuaderno, con detalles, \u00abQuieren acabar con Tupamaros, no lo quieren para nada, pero iban a atacar a todos, el MEP, Partido Verde, hasta a Henry Falc\u00f3n\u2026est\u00e1 la lista de los nombres por todos los que van, quieren proclamar una guerra civil en Venezuela\u00bb.<\/p>\n\n\n\n<p><strong>MAFIA ALBANESA<\/strong><br>Opera y funciona como mafia, pero desafortunadamente en Venezuela, no pueden tomar el control pol\u00edtico. \u00abQuieren replicar a Pablo Escobar, no lo van a lograr\u00bb.<\/p>\n\n\n\n<p>El piloto norteamericano capturado aqu\u00ed en Venezuela, con relaciones con Ucrania, fue entregado e EEUU en las negociaciones. No habr\u00e1 impunidad, a pesar de eso.<\/p>\n\n\n\n<p>\u00abYo anunci\u00e9 el mi\u00e9rcoles que hab\u00eda sido detenido un ciudadano espa\u00f1ol, Armando L\u00f3pez Ortega, narcotraficante reclamado, vinculado a este grupo terrorista en el Oriente del pa\u00eds\u00bb.<br><strong><em>ET \/ Aporrea<\/em><\/strong><\/p>\n\n\n\n<p><\/p>\n","protected":false},"excerpt":{"rendered":"<p>ENTRE TORMENTAS. El ministro del Interior de Venezuela, Diosdado Cabello, anunci\u00f3 este viernes que las&#8230;<\/p>\n","protected":false},"author":2,"featured_media":17126,"comment_status":"closed","ping_status":"open","sticky":false,"template":"","format":"standard","meta":{"footnotes":""},"categories":[56,49],"tags":[],"class_list":["post-17120","post","type-post","status-publish","format-standard","has-post-thumbnail","hentry","category-destacadas","category-nacionales"],"_links":{"self":[{"href":"https:\/\/entretormentas.com\/index.php?rest_route=\/wp\/v2\/posts\/17120","targetHints":{"allow":["GET"]}}],"collection":[{"href":"https:\/\/entretormentas.com\/index.php?rest_route=\/wp\/v2\/posts"}],"about":[{"href":"https:\/\/entretormentas.com\/index.php?rest_route=\/wp\/v2\/types\/post"}],"author":[{"embeddable":true,"href":"https:\/\/entretormentas.com\/index.php?rest_route=\/wp\/v2\/users\/2"}],"replies":[{"embeddable":true,"href":"https:\/\/entretormentas.com\/index.php?rest_route=%2Fwp%2Fv2%2Fcomments&post=17120"}],"version-history":[{"count":1,"href":"https:\/\/entretormentas.com\/index.php?rest_route=\/wp\/v2\/posts\/17120\/revisions"}],"predecessor-version":[{"id":17127,"href":"https:\/\/entretormentas.com\/index.php?rest_route=\/wp\/v2\/posts\/17120\/revisions\/17127"}],"wp:featuredmedia":[{"embeddable":true,"href":"https:\/\/entretormentas.com\/index.php?rest_route=\/wp\/v2\/media\/17126"}],"wp:attachment":[{"href":"https:\/\/entretormentas.com\/index.php?rest_route=%2Fwp%2Fv2%2Fmedia&parent=17120"}],"wp:term":[{"taxonomy":"category","embeddable":true,"href":"https:\/\/entretormentas.com\/index.php?rest_route=%2Fwp%2Fv2%2Fcategories&post=17120"},{"taxonomy":"post_tag","embeddable":true,"href":"https:\/\/entretormentas.com\/index.php?rest_route=%2Fwp%2Fv2%2Ftags&post=17120"}],"curies":[{"name":"wp","href":"https:\/\/api.w.org\/{rel}","templated":true}]}}