{"id":17134,"date":"2025-05-24T15:55:56","date_gmt":"2025-05-24T13:55:56","guid":{"rendered":"https:\/\/entretormentas.com\/?p=17134"},"modified":"2025-05-24T15:55:57","modified_gmt":"2025-05-24T13:55:57","slug":"confirmacion-rector-del-cne-aclara-que-no-habra-qr-porque-se-uso-para-trampear-actas","status":"publish","type":"post","link":"https:\/\/entretormentas.com\/confirmacion-rector-del-cne-aclara-que-no-habra-qr-porque-se-uso-para-trampear-actas\/","title":{"rendered":"\u00a1CONFIRMACI\u00d3N! Rector del CNE aclara que no habr\u00e1 QR porque se us\u00f3 para \u00abtrampear\u00bb actas"},"content":{"rendered":"\n<p><strong>ENTRE TORMENTAS.<\/strong> El rector principal del Consejo Nacional Electoral, Conrado P\u00e9rez, confirm\u00f3 que en estas elecciones regionales no habr\u00e1 c\u00f3digos QR en las actas electorales: \u00abNo va a existir QR. Fueron trampeadas por los resultados (en las elecciones del 28 de julio) y se hizo un mal uso de ese sistema que ofrec\u00eda el CNE, sin ninguna obligaci\u00f3n legal.<\/p>\n\n\n\n<p>Esta informaci\u00f3n la dio a conocer P\u00e9rez en un programa de Globovisi\u00f3n. Por otra parte, tambi\u00e9n indic\u00f3 que este s\u00e1bado 24 de mayo se acreditar\u00e1n a veedores y observadores internacionales que estar\u00e1n en las elecciones regionales, en las que se elegir\u00e1n a gobernadores, diputados a la Asamblea Nacional y representantes de consejos legislativos, que se realizar\u00e1n este 25 de mayo.<\/p>\n\n\n\n<figure class=\"wp-block-image size-full\"><img fetchpriority=\"high\" decoding=\"async\" width=\"259\" height=\"194\" src=\"https:\/\/entretormentas.com\/wp-content\/uploads\/2025\/05\/codigoqr2.jpeg\" alt=\"\" class=\"wp-image-17135\"\/><\/figure>\n\n\n\n<p>Explic\u00f3 que con la acreditaci\u00f3n, estas personas podr\u00e1n desplazarse por los centros de votaci\u00f3n, pero sin involucrarse en el proceso, \u00abpero s\u00ed levantar cualquier anomal\u00eda que consideren que pueda perjudicar la transparencia e intranquilidad de los comicios\u00bb.<\/p>\n\n\n\n<p>El rector asegur\u00f3 que el organismo electoral invit\u00f3 a todas las organizaciones civiles no gubernamentales que cumplen el rol de observadores internacionales para que presencien el proceso de este domingo.<br><strong><em>ET \/ Tal Cual<\/em><\/strong><\/p>\n","protected":false},"excerpt":{"rendered":"<p>ENTRE TORMENTAS. El rector principal del Consejo Nacional Electoral, Conrado P\u00e9rez, confirm\u00f3 que en estas&#8230;<\/p>\n","protected":false},"author":2,"featured_media":17136,"comment_status":"closed","ping_status":"open","sticky":false,"template":"","format":"standard","meta":{"footnotes":""},"categories":[56,49],"tags":[],"class_list":["post-17134","post","type-post","status-publish","format-standard","has-post-thumbnail","hentry","category-destacadas","category-nacionales"],"_links":{"self":[{"href":"https:\/\/entretormentas.com\/index.php?rest_route=\/wp\/v2\/posts\/17134","targetHints":{"allow":["GET"]}}],"collection":[{"href":"https:\/\/entretormentas.com\/index.php?rest_route=\/wp\/v2\/posts"}],"about":[{"href":"https:\/\/entretormentas.com\/index.php?rest_route=\/wp\/v2\/types\/post"}],"author":[{"embeddable":true,"href":"https:\/\/entretormentas.com\/index.php?rest_route=\/wp\/v2\/users\/2"}],"replies":[{"embeddable":true,"href":"https:\/\/entretormentas.com\/index.php?rest_route=%2Fwp%2Fv2%2Fcomments&post=17134"}],"version-history":[{"count":1,"href":"https:\/\/entretormentas.com\/index.php?rest_route=\/wp\/v2\/posts\/17134\/revisions"}],"predecessor-version":[{"id":17137,"href":"https:\/\/entretormentas.com\/index.php?rest_route=\/wp\/v2\/posts\/17134\/revisions\/17137"}],"wp:featuredmedia":[{"embeddable":true,"href":"https:\/\/entretormentas.com\/index.php?rest_route=\/wp\/v2\/media\/17136"}],"wp:attachment":[{"href":"https:\/\/entretormentas.com\/index.php?rest_route=%2Fwp%2Fv2%2Fmedia&parent=17134"}],"wp:term":[{"taxonomy":"category","embeddable":true,"href":"https:\/\/entretormentas.com\/index.php?rest_route=%2Fwp%2Fv2%2Fcategories&post=17134"},{"taxonomy":"post_tag","embeddable":true,"href":"https:\/\/entretormentas.com\/index.php?rest_route=%2Fwp%2Fv2%2Ftags&post=17134"}],"curies":[{"name":"wp","href":"https:\/\/api.w.org\/{rel}","templated":true}]}}