{"id":17142,"date":"2025-05-25T11:42:14","date_gmt":"2025-05-25T09:42:14","guid":{"rendered":"https:\/\/entretormentas.com\/?p=17142"},"modified":"2025-05-25T11:42:15","modified_gmt":"2025-05-25T09:42:15","slug":"para-ninos-ninas-y-adolescentes-alcaldia-de-maracaibo-conmemora-22-anos-de-las-danzas-municipales","status":"publish","type":"post","link":"https:\/\/entretormentas.com\/para-ninos-ninas-y-adolescentes-alcaldia-de-maracaibo-conmemora-22-anos-de-las-danzas-municipales\/","title":{"rendered":"\u00a1PARA NI\u00d1OS, NI\u00d1AS Y ADOLESCENTES! Alcald\u00eda de Maracaibo conmemora 22 a\u00f1os de las Danzas Municipales"},"content":{"rendered":"\n<p><strong>ENTRE TORMENTAS.<\/strong> La Alcald\u00eda de Maracaibo a trav\u00e9s de la Direcci\u00f3n de Cultura, celebr\u00f3 con orgullo el 22 aniversario de las Danzas Municipales este 14 de mayo, una iniciativa que marc\u00f3 un antes y un despu\u00e9s en la promoci\u00f3n del arte y la identidad cultural en la ciudad.<\/p>\n\n\n\n<p>Desde su fundaci\u00f3n en el a\u00f1o 2003, las Danzas Municipales se convirtieron en un espacio de formaci\u00f3n integral para ni\u00f1os y j\u00f3venes, brind\u00e1ndoles la oportunidad de explorar la riqueza de la danza como medio de expresi\u00f3n, disciplina y fortalecimiento de la identidad cultural.<\/p>\n\n\n\n<p>Con rigurosos entrenamientos, clases magistrales y presentaciones en diversos escenarios, las danzas municipales permitieron que generaciones enteras se conectaran con la belleza del movimiento y el significado profundo que la danza encierra.<\/p>\n\n\n\n<p>Cada coreograf\u00eda presentada es el resultado de incontables horas de esfuerzo y dedicaci\u00f3n, reflejando no solo la evoluci\u00f3n t\u00e9cnica de los bailarines, sino tambi\u00e9n su amor por el arte. A lo largo de los a\u00f1os, este programa contribuy\u00f3 a formar artistas con un profundo sentido de pertenencia, convirti\u00e9ndose en un referente dentro de la comunidad cultural de Maracaibo.<\/p>\n\n\n\n<figure class=\"wp-block-image size-large\"><img fetchpriority=\"high\" decoding=\"async\" width=\"768\" height=\"1024\" src=\"https:\/\/entretormentas.com\/wp-content\/uploads\/2025\/05\/danzasss2-768x1024.jpeg\" alt=\"\" class=\"wp-image-17143\" srcset=\"https:\/\/entretormentas.com\/wp-content\/uploads\/2025\/05\/danzasss2-768x1024.jpeg 768w, https:\/\/entretormentas.com\/wp-content\/uploads\/2025\/05\/danzasss2-225x300.jpeg 225w, https:\/\/entretormentas.com\/wp-content\/uploads\/2025\/05\/danzasss2.jpeg 960w\" sizes=\"(max-width: 768px) 100vw, 768px\" \/><\/figure>\n\n\n\n<p>Alejandra Fuenmayor, una de las bailarinas m\u00e1s destacada del grupo, expres\u00f3 con emoci\u00f3n su gratitud por haber crecido en este entorno. \u201cPara m\u00ed, la danza es m\u00e1s que movimiento, es una forma de vida. Aqu\u00ed aprend\u00ed a expresarme y a valorar nuestras ra\u00edces, a reconocer en cada paso una conexi\u00f3n con nuestra historia y con la esencia de nuestra ciudad\u201d, destac\u00f3.<\/p>\n\n\n\n<p>El maestro Benito V\u00edlchez enfatiz\u00f3 el impacto transformador que tuvo esta iniciativa en la vida de cientos de ni\u00f1os y j\u00f3venes. \u201cVer a estos estudiantes evolucionar y encontrar su pasi\u00f3n en la danza es la mayor recompensa. La disciplina y el arte van de la mano, y eso es lo que promovemos aqu\u00ed. La danza no solo desarrolla habilidades t\u00e9cnicas, sino que tambi\u00e9n fomenta valores fundamentales como la perseverancia, el trabajo en equipo y el respeto por la tradici\u00f3n\u201d.<\/p>\n\n\n\n<p>Malena Soto, directora de Cultura, resalt\u00f3 el papel vital que juega la Alcald\u00eda de Maracaibo en el impulso y consolidaci\u00f3n de estos espacios art\u00edsticos.<\/p>\n\n\n\n<p>\u201cHemos trabajado incansablemente para que la danza sea un pilar en nuestra ciudad. Este aniversario no solo es una celebraci\u00f3n de los logros alcanzados, sino tambi\u00e9n un reconocimiento a la dedicaci\u00f3n y el talento de cada persona que ha formado parte de este proyecto. La cultura es el alma de nuestra comunidad, y nuestro compromiso es seguir cultivando su crecimiento\u201d, mencion\u00f3.<\/p>\n\n\n\n<p>Soto recalc\u00f3 que este aniversario marca un nuevo cap\u00edtulo para las Danzas Municipales, con el firme prop\u00f3sito de seguir inspirando a futuras generaciones y consolidando a Maracaibo como un epicentro de expresi\u00f3n art\u00edstica.<br><strong><em>ET \/ DCI Alcald\u00eda de Maracaibo<\/em><\/strong><\/p>\n\n\n\n<p><\/p>\n","protected":false},"excerpt":{"rendered":"<p>ENTRE TORMENTAS. La Alcald\u00eda de Maracaibo a trav\u00e9s de la Direcci\u00f3n de Cultura, celebr\u00f3 con&#8230;<\/p>\n","protected":false},"author":2,"featured_media":17144,"comment_status":"closed","ping_status":"open","sticky":false,"template":"","format":"standard","meta":{"footnotes":""},"categories":[57,1],"tags":[],"class_list":["post-17142","post","type-post","status-publish","format-standard","has-post-thumbnail","hentry","category-actualidad","category-regionales"],"_links":{"self":[{"href":"https:\/\/entretormentas.com\/index.php?rest_route=\/wp\/v2\/posts\/17142","targetHints":{"allow":["GET"]}}],"collection":[{"href":"https:\/\/entretormentas.com\/index.php?rest_route=\/wp\/v2\/posts"}],"about":[{"href":"https:\/\/entretormentas.com\/index.php?rest_route=\/wp\/v2\/types\/post"}],"author":[{"embeddable":true,"href":"https:\/\/entretormentas.com\/index.php?rest_route=\/wp\/v2\/users\/2"}],"replies":[{"embeddable":true,"href":"https:\/\/entretormentas.com\/index.php?rest_route=%2Fwp%2Fv2%2Fcomments&post=17142"}],"version-history":[{"count":1,"href":"https:\/\/entretormentas.com\/index.php?rest_route=\/wp\/v2\/posts\/17142\/revisions"}],"predecessor-version":[{"id":17145,"href":"https:\/\/entretormentas.com\/index.php?rest_route=\/wp\/v2\/posts\/17142\/revisions\/17145"}],"wp:featuredmedia":[{"embeddable":true,"href":"https:\/\/entretormentas.com\/index.php?rest_route=\/wp\/v2\/media\/17144"}],"wp:attachment":[{"href":"https:\/\/entretormentas.com\/index.php?rest_route=%2Fwp%2Fv2%2Fmedia&parent=17142"}],"wp:term":[{"taxonomy":"category","embeddable":true,"href":"https:\/\/entretormentas.com\/index.php?rest_route=%2Fwp%2Fv2%2Fcategories&post=17142"},{"taxonomy":"post_tag","embeddable":true,"href":"https:\/\/entretormentas.com\/index.php?rest_route=%2Fwp%2Fv2%2Ftags&post=17142"}],"curies":[{"name":"wp","href":"https:\/\/api.w.org\/{rel}","templated":true}]}}