{"id":17146,"date":"2025-05-25T11:46:19","date_gmt":"2025-05-25T09:46:19","guid":{"rendered":"https:\/\/entretormentas.com\/?p=17146"},"modified":"2025-05-25T11:46:20","modified_gmt":"2025-05-25T09:46:20","slug":"manuel-rosales-las-becas-jel-y-los-planes-de-formacion-se-mantendran-y-mejoraran-este-2025","status":"publish","type":"post","link":"https:\/\/entretormentas.com\/manuel-rosales-las-becas-jel-y-los-planes-de-formacion-se-mantendran-y-mejoraran-este-2025\/","title":{"rendered":"MANUEL ROSALES: \u201cLas becas JEL y los planes de formaci\u00f3n se mantendr\u00e1n y mejorar\u00e1n este 2025\u201d"},"content":{"rendered":"\n<p><strong>ENTRE TORMENTAS.<\/strong> Tanto las Becas Jes\u00fas Enrique Lossada como el resto de programas del eje educativo que impulsa la Gobernaci\u00f3n del Zulia: Ingenio y Futuro, Saber y Emprender, J\u00f3venes Inventores, y Francisco Ochoa, van a mantenerse y a mejorarse en el corto plazo para incluir a m\u00e1s beneficiarios. As\u00ed lo anunci\u00f3 el gobernador Manuel Rosales Guerrero, quien quiso dar la buena noticia a los j\u00f3venes \u2013y no tan j\u00f3venes\u2013 que participan en estos planes de formaci\u00f3n acad\u00e9mica y profesional.<\/p>\n\n\n\n<p>El \u00e9xito de los planes del eje educativo que impulsa Rosales desde la Gobernaci\u00f3n radica en que forman parte de un plan que promueve, adem\u00e1s del estudio, la inserci\u00f3n laboral y el autoempleo. De esta forma los beneficiarios pueden desarrollar sus habilidades duras y blandas, ideas de negocio o emprendimientos comerciales, todo en pro de impulsar el aparato econ\u00f3mico regional en el marco del Zulia Productivo.<\/p>\n\n\n\n<figure class=\"wp-block-image size-large\"><img fetchpriority=\"high\" decoding=\"async\" width=\"1024\" height=\"683\" src=\"https:\/\/entretormentas.com\/wp-content\/uploads\/2025\/05\/rosajel2-1024x683.jpeg\" alt=\"\" class=\"wp-image-17147\" srcset=\"https:\/\/entretormentas.com\/wp-content\/uploads\/2025\/05\/rosajel2-1024x683.jpeg 1024w, https:\/\/entretormentas.com\/wp-content\/uploads\/2025\/05\/rosajel2-300x200.jpeg 300w, https:\/\/entretormentas.com\/wp-content\/uploads\/2025\/05\/rosajel2-768x512.jpeg 768w, https:\/\/entretormentas.com\/wp-content\/uploads\/2025\/05\/rosajel2.jpeg 1237w\" sizes=\"(max-width: 1024px) 100vw, 1024px\" \/><\/figure>\n\n\n\n<p><strong>INGENIO ZULIANO<\/strong><br>Educar, emprender, crear o innovar son acciones impl\u00edcitas en los programas de formaci\u00f3n regionales, donde los zulianos aprenden a hacer realidad sus proyectos e ideas a trav\u00e9s de capacitaci\u00f3n y el trabajo. Con este objetivo, el programa J\u00f3venes Inventores apoya aquellas propuestas que se enmarquen en alguna de estas cinco categor\u00edas: Tecnolog\u00eda, Salud, Medio Ambiente, Infraestructura y Educaci\u00f3n. Como complemento, \u201cIngenio y Futuro\u201d busca desarrollar las habilidades de los interesados en la Ciencia, la Tecnolog\u00eda, la Ingenier\u00eda y Matem\u00e1ticas, tambi\u00e9n conocidas como STEM, por sus siglas en ingl\u00e9s.<\/p>\n\n\n\n<p>Inicialmente pensado para cuatro municipios (Maracaibo, Cabimas, Lagunillas y San Francisco), el programa Saber y Emprender planea extenderse este a\u00f1o a otras regiones de la Costa Oriental y el sur del Lago. Este programa de formaci\u00f3n en oficios como carpinter\u00eda, soldadura, reparaci\u00f3n de tel\u00e9fonos inteligentes y de computadoras ampli\u00f3 su oferta hacia el \u00e1mbito de los llamados \u201coficios t\u00e9cnicos\u201d -como el mantenimiento de aires acondicionados- y la tapicer\u00eda. Todo con la intenci\u00f3n de fomentar que los egresados se inserten lo antes posible al campo laboral y puedan generar empleos directos e indirectos con sus actividades.<\/p>\n\n\n\n<figure class=\"wp-block-image size-large\"><img decoding=\"async\" width=\"1024\" height=\"683\" src=\"https:\/\/entretormentas.com\/wp-content\/uploads\/2025\/05\/rosajel3-1024x683.jpeg\" alt=\"\" class=\"wp-image-17148\" srcset=\"https:\/\/entretormentas.com\/wp-content\/uploads\/2025\/05\/rosajel3-1024x683.jpeg 1024w, https:\/\/entretormentas.com\/wp-content\/uploads\/2025\/05\/rosajel3-300x200.jpeg 300w, https:\/\/entretormentas.com\/wp-content\/uploads\/2025\/05\/rosajel3-768x512.jpeg 768w, https:\/\/entretormentas.com\/wp-content\/uploads\/2025\/05\/rosajel3.jpeg 1248w\" sizes=\"(max-width: 1024px) 100vw, 1024px\" \/><\/figure>\n\n\n\n<p>Otra de los programas que ser\u00e1 ampliado es el \u201cFrancisco Ochoa\u201d, que el pasado mes de abril egres\u00f3 a unos 800 beneficiarios en el Aula Magna de la universidad Rafael Urdaneta. Esta iniciativa, que incluye a j\u00f3venes y adultos sin acceso a la educaci\u00f3n regular, se erigi\u00f3 como catalizador de profundo impacto social e impulsor del desarrollo empresarial en el Zulia. Este programa, cuyo prestigio trasciende las fronteras nacionales, convierte a los egresados en agentes econ\u00f3micamente activos, capaces de mejorar la productividad regional y de contribuir al desarrollo regional.<\/p>\n\n\n\n<p>La Gobernaci\u00f3n tiene previsto anunciar en los pr\u00f3ximos meses el cronograma de actividades previas, como los respectivos censos, la oferta program\u00e1tica y los requisitos exigidos para cada uno de ellos. Con esto en mente, la proyecci\u00f3n es que en 2025 la Gobernaci\u00f3n llegar\u00e1 a al menos 10 municipios, lo que en t\u00e9rminos porcentuales duplicar\u00eda la cantidad actual. La invitaci\u00f3n es a que toda la colectividad se mantenga informada a trav\u00e9s de las redes sociales de la instituci\u00f3n, donde ser\u00e1 publicada, de manera oportuna, la informaci\u00f3n oficial.<br><strong><em>ET \/ Nota de Prensa<\/em><\/strong><\/p>\n\n\n\n<p><\/p>\n","protected":false},"excerpt":{"rendered":"<p>ENTRE TORMENTAS. Tanto las Becas Jes\u00fas Enrique Lossada como el resto de programas del eje&#8230;<\/p>\n","protected":false},"author":2,"featured_media":17149,"comment_status":"closed","ping_status":"open","sticky":false,"template":"","format":"standard","meta":{"footnotes":""},"categories":[57,1],"tags":[],"class_list":["post-17146","post","type-post","status-publish","format-standard","has-post-thumbnail","hentry","category-actualidad","category-regionales"],"_links":{"self":[{"href":"https:\/\/entretormentas.com\/index.php?rest_route=\/wp\/v2\/posts\/17146","targetHints":{"allow":["GET"]}}],"collection":[{"href":"https:\/\/entretormentas.com\/index.php?rest_route=\/wp\/v2\/posts"}],"about":[{"href":"https:\/\/entretormentas.com\/index.php?rest_route=\/wp\/v2\/types\/post"}],"author":[{"embeddable":true,"href":"https:\/\/entretormentas.com\/index.php?rest_route=\/wp\/v2\/users\/2"}],"replies":[{"embeddable":true,"href":"https:\/\/entretormentas.com\/index.php?rest_route=%2Fwp%2Fv2%2Fcomments&post=17146"}],"version-history":[{"count":1,"href":"https:\/\/entretormentas.com\/index.php?rest_route=\/wp\/v2\/posts\/17146\/revisions"}],"predecessor-version":[{"id":17150,"href":"https:\/\/entretormentas.com\/index.php?rest_route=\/wp\/v2\/posts\/17146\/revisions\/17150"}],"wp:featuredmedia":[{"embeddable":true,"href":"https:\/\/entretormentas.com\/index.php?rest_route=\/wp\/v2\/media\/17149"}],"wp:attachment":[{"href":"https:\/\/entretormentas.com\/index.php?rest_route=%2Fwp%2Fv2%2Fmedia&parent=17146"}],"wp:term":[{"taxonomy":"category","embeddable":true,"href":"https:\/\/entretormentas.com\/index.php?rest_route=%2Fwp%2Fv2%2Fcategories&post=17146"},{"taxonomy":"post_tag","embeddable":true,"href":"https:\/\/entretormentas.com\/index.php?rest_route=%2Fwp%2Fv2%2Ftags&post=17146"}],"curies":[{"name":"wp","href":"https:\/\/api.w.org\/{rel}","templated":true}]}}