{"id":17151,"date":"2025-05-25T11:48:47","date_gmt":"2025-05-25T09:48:47","guid":{"rendered":"https:\/\/entretormentas.com\/?p=17151"},"modified":"2025-05-25T11:48:48","modified_gmt":"2025-05-25T09:48:48","slug":"monitoreo-tsj-activa-sala-situacional-para-seguimiento-de-las-elecciones","status":"publish","type":"post","link":"https:\/\/entretormentas.com\/monitoreo-tsj-activa-sala-situacional-para-seguimiento-de-las-elecciones\/","title":{"rendered":"\u00a1MONITOREO! TSJ activa Sala Situacional para seguimiento de las elecciones"},"content":{"rendered":"\n<p><strong>ENTRE TORMENTAS.<\/strong> El Tribunal Supremo Justicia (TSJ) instal\u00f3 en su sede una Sala Situacional, con la finalidad de hacer seguimiento al desarrollo del proceso de elecciones legislativas y regionales, que se realizar\u00e1 este domingo 25 de mayo, en todo el territorio nacional.<\/p>\n\n\n\n<p>La activaci\u00f3n de la Sala Situacional estuvo liderada por la presidenta del M\u00e1ximo Tribunal, magistrada, Caryslia Rodr\u00edguez Rodr\u00edguez, en compa\u00f1\u00eda del primer vicepresidente del TSJ y presidente de la Sala de Casaci\u00f3n Social, magistrado Edgar Gavidia Rodr\u00edguez, y la segunda vicepresidenta del TSJ y presidenta de la Sala Constitucional, magistrada Tania D\u2019Amelio Cardiet.<\/p>\n\n\n\n<p>Desde ese espacio, estar\u00e1n presentes servidores del Poder Judicial, donde se coordinar\u00e1 la recepci\u00f3n y canalizaci\u00f3n de informaci\u00f3n en tiempo real acerca del desarrollo de la jornada electoral, como parte del compromiso de la TSJ con la democracia.<br><strong><em>ET \/ Nota de prensa<\/em><\/strong><\/p>\n","protected":false},"excerpt":{"rendered":"<p>ENTRE TORMENTAS. El Tribunal Supremo Justicia (TSJ) instal\u00f3 en su sede una Sala Situacional, con&#8230;<\/p>\n","protected":false},"author":2,"featured_media":17152,"comment_status":"closed","ping_status":"open","sticky":false,"template":"","format":"standard","meta":{"footnotes":""},"categories":[56,49],"tags":[],"class_list":["post-17151","post","type-post","status-publish","format-standard","has-post-thumbnail","hentry","category-destacadas","category-nacionales"],"_links":{"self":[{"href":"https:\/\/entretormentas.com\/index.php?rest_route=\/wp\/v2\/posts\/17151","targetHints":{"allow":["GET"]}}],"collection":[{"href":"https:\/\/entretormentas.com\/index.php?rest_route=\/wp\/v2\/posts"}],"about":[{"href":"https:\/\/entretormentas.com\/index.php?rest_route=\/wp\/v2\/types\/post"}],"author":[{"embeddable":true,"href":"https:\/\/entretormentas.com\/index.php?rest_route=\/wp\/v2\/users\/2"}],"replies":[{"embeddable":true,"href":"https:\/\/entretormentas.com\/index.php?rest_route=%2Fwp%2Fv2%2Fcomments&post=17151"}],"version-history":[{"count":1,"href":"https:\/\/entretormentas.com\/index.php?rest_route=\/wp\/v2\/posts\/17151\/revisions"}],"predecessor-version":[{"id":17153,"href":"https:\/\/entretormentas.com\/index.php?rest_route=\/wp\/v2\/posts\/17151\/revisions\/17153"}],"wp:featuredmedia":[{"embeddable":true,"href":"https:\/\/entretormentas.com\/index.php?rest_route=\/wp\/v2\/media\/17152"}],"wp:attachment":[{"href":"https:\/\/entretormentas.com\/index.php?rest_route=%2Fwp%2Fv2%2Fmedia&parent=17151"}],"wp:term":[{"taxonomy":"category","embeddable":true,"href":"https:\/\/entretormentas.com\/index.php?rest_route=%2Fwp%2Fv2%2Fcategories&post=17151"},{"taxonomy":"post_tag","embeddable":true,"href":"https:\/\/entretormentas.com\/index.php?rest_route=%2Fwp%2Fv2%2Ftags&post=17151"}],"curies":[{"name":"wp","href":"https:\/\/api.w.org\/{rel}","templated":true}]}}