{"id":17154,"date":"2025-05-25T11:53:53","date_gmt":"2025-05-25T09:53:53","guid":{"rendered":"https:\/\/entretormentas.com\/?p=17154"},"modified":"2025-05-25T11:53:54","modified_gmt":"2025-05-25T09:53:54","slug":"rompen-el-silencio-asilados-en-la-embajada-argentina-aseguran-que-hubo-una-operacion-estrategica","status":"publish","type":"post","link":"https:\/\/entretormentas.com\/rompen-el-silencio-asilados-en-la-embajada-argentina-aseguran-que-hubo-una-operacion-estrategica\/","title":{"rendered":"\u00a1ROMPEN EL SILENCIO! Asilados en la embajada argentina aseguran que hubo una \u00aboperaci\u00f3n estrat\u00e9gica\u00bb"},"content":{"rendered":"\n<p><strong>ENTRE TORMENTAS.<\/strong> Los cinco opositores que estuvieron 14 meses asilados en la embajada argentina en Caracas insistieron este s\u00e1bado en que \u00abno hubo negociaci\u00f3n\u00bb con el Gobierno de Nicol\u00e1s Maduro para permitir que llegaran hasta EEUU, donde se encuentran ahora.<\/p>\n\n\n\n<p>\u00abPasamos 412 d\u00edas encerrados y a\u00fan les vamos a creer que hubo negociaci\u00f3n\u00bb, afirm\u00f3 hoy en una rueda de prensa celebrada en Washington una de los cinco activistas que permanecieron encerrados en la legaci\u00f3n entre marzo de 2024 y este mismo mes, Magall\u00ed Meda, exjefa de campa\u00f1a de Comando Con Venezuela, la plataforma de apoyo a Mar\u00eda Corina Machado.<\/p>\n\n\n\n<p>Meda, que compareci\u00f3 junto con los otros cuatro antichavistas (Pedro Urruchurtu, Claudia Macero, Humberto Villalobos y Omar Gonz\u00e1lez) con los que permaneci\u00f3 encerrada en la embajada antes de que fueran tra\u00eddos a EEUU en un operativo cuyos detalles exactos siguen sin conocerse, asegur\u00f3 que los salvoconductos para que abandonaran Venezuela \u00abestaban listos hace tiempo\u00bb y que fue el propio Cabello el que impidi\u00f3 su salida del pa\u00eds, rese\u00f1\u00f3 EFE.<\/p>\n\n\n\n<p>Es la primera comparecencia p\u00fablica de los cinco opositores desde que se anunciara su llegada a Estados Unidos a principios de mayo, gracias a lo que Meda calific\u00f3 como una \u00aboperaci\u00f3n estrat\u00e9gica\u00bb que involucr\u00f3 \u00aba muchas personas con unos riesgos enormes\u00bb pero de la que no se quiso dar m\u00e1s informaci\u00f3n hoy para proteger a los involucrados.<\/p>\n\n\n\n<p>\u00abM\u00e1s adelante, desde una Venezuela libre, se conocer\u00e1n los detalles\u00bb, a\u00f1adi\u00f3 la activista pol\u00edtica, que, al igual que sus compa\u00f1eros, quiso agradecer la ayuda de todos los que trabajaron para lograr su llegada a suelo estadounidense, incluyendo a los Gobiernos de Argentina y Brasil que asumi\u00f3 las representaci\u00f3n diplom\u00e1tica de Buenos Aires en suelo venezolano y de EEUU.<\/p>\n\n\n\n<figure class=\"wp-block-image size-large\"><img fetchpriority=\"high\" decoding=\"async\" width=\"1024\" height=\"576\" src=\"https:\/\/entretormentas.com\/wp-content\/uploads\/2025\/05\/mena2-1024x576.jpg\" alt=\"\" class=\"wp-image-17155\" srcset=\"https:\/\/entretormentas.com\/wp-content\/uploads\/2025\/05\/mena2-1024x576.jpg 1024w, https:\/\/entretormentas.com\/wp-content\/uploads\/2025\/05\/mena2-300x169.jpg 300w, https:\/\/entretormentas.com\/wp-content\/uploads\/2025\/05\/mena2-768x432.jpg 768w, https:\/\/entretormentas.com\/wp-content\/uploads\/2025\/05\/mena2.jpg 1280w\" sizes=\"(max-width: 1024px) 100vw, 1024px\" \/><\/figure>\n\n\n\n<p>Pedro Uruchurtu quiso agradecer especialmente la labor del presidente estadounidense, Donald Trump y el secretario de Estado, Marco Rubio, \u00abquienes claramente asumieron con determinaci\u00f3n el liderazgo de esta operaci\u00f3n junto a muchos aliados y muchas personas involucradas que lo hicieron posible\u00bb, explic\u00f3.<\/p>\n\n\n\n<p>A su vez, Uruchurtu acus\u00f3 al Gobierno venezolano de acabar con el asilo diplom\u00e1tico.<\/p>\n\n\n\n<p>\u00abLo mat\u00f3 (el derecho de asilo) frente a los ojos del mundo. No solamente porque neg\u00f3 los salvoconductos, sino porque todo lo que hizo fue violando el derecho internacional de manera reiterada y sistem\u00e1tica frente a los ojos de todos\u00bb, afirm\u00f3 el polit\u00f3logo, que lament\u00f3 que el Gobierno de Nicol\u00e1s Maduro haya logrado que \u00abla diplomacia sea inoperativa y tambi\u00e9n que permanezca callada\u00bb en su pa\u00eds.<\/p>\n\n\n\n<p>\u00abPor eso es que creo que el \u00e9xito de nuestra operaci\u00f3n (para salir del pa\u00eds) radica en que precisamente se trat\u00f3 de una operaci\u00f3n no convencional precisamente para resolver un problema y un desaf\u00edo que era no convencional\u00bb, apostill\u00f3 Uruchurtu.<\/p>\n\n\n\n<p>Los cinco activistas subrayaron hoy lo duros que fueron los 412 d\u00edas en la embajada sin acceso a luz y agua, que fueron cortados, y rodeados por efectivos leales al Gobierno de Nicol\u00e1s Maduro, que seg\u00fan ellos, hicieron todo lo posible por intimidarlos.<\/p>\n\n\n\n<p>En ese sentido, Omar Gonz\u00e1lez asegur\u00f3 que estas personas estuvieron acompa\u00f1adas por perros de raza pastor alem\u00e1n y rottweiler con el objetivo de amedrentarlos.<\/p>\n\n\n\n<p>Los cinco recordaron a su vez a Fernando Mart\u00ednez Mottola, que tras estar encerrado con ellos nueve meses en la embajada decidi\u00f3 abandonar el edificio y falleci\u00f3 en su domicilio por enfermedad el pasado 26 de febrero.<\/p>\n\n\n\n<p>\u00abAqu\u00ed deber\u00eda estar sentado Fernando Mart\u00ednez Mottola. Fernando Mart\u00ednez Mottola es un h\u00e9roe de Venezuela\u00bb, dijo Mera. que asegur\u00f3 que el exministro de Transporte y Comunicaciones muri\u00f3.<br><strong><em>ET \/ Agencias<\/em><\/strong><\/p>\n\n\n\n<p><\/p>\n","protected":false},"excerpt":{"rendered":"<p>ENTRE TORMENTAS. Los cinco opositores que estuvieron 14 meses asilados en la embajada argentina en&#8230;<\/p>\n","protected":false},"author":2,"featured_media":17156,"comment_status":"closed","ping_status":"open","sticky":false,"template":"","format":"standard","meta":{"footnotes":""},"categories":[56,49],"tags":[],"class_list":["post-17154","post","type-post","status-publish","format-standard","has-post-thumbnail","hentry","category-destacadas","category-nacionales"],"_links":{"self":[{"href":"https:\/\/entretormentas.com\/index.php?rest_route=\/wp\/v2\/posts\/17154","targetHints":{"allow":["GET"]}}],"collection":[{"href":"https:\/\/entretormentas.com\/index.php?rest_route=\/wp\/v2\/posts"}],"about":[{"href":"https:\/\/entretormentas.com\/index.php?rest_route=\/wp\/v2\/types\/post"}],"author":[{"embeddable":true,"href":"https:\/\/entretormentas.com\/index.php?rest_route=\/wp\/v2\/users\/2"}],"replies":[{"embeddable":true,"href":"https:\/\/entretormentas.com\/index.php?rest_route=%2Fwp%2Fv2%2Fcomments&post=17154"}],"version-history":[{"count":1,"href":"https:\/\/entretormentas.com\/index.php?rest_route=\/wp\/v2\/posts\/17154\/revisions"}],"predecessor-version":[{"id":17157,"href":"https:\/\/entretormentas.com\/index.php?rest_route=\/wp\/v2\/posts\/17154\/revisions\/17157"}],"wp:featuredmedia":[{"embeddable":true,"href":"https:\/\/entretormentas.com\/index.php?rest_route=\/wp\/v2\/media\/17156"}],"wp:attachment":[{"href":"https:\/\/entretormentas.com\/index.php?rest_route=%2Fwp%2Fv2%2Fmedia&parent=17154"}],"wp:term":[{"taxonomy":"category","embeddable":true,"href":"https:\/\/entretormentas.com\/index.php?rest_route=%2Fwp%2Fv2%2Fcategories&post=17154"},{"taxonomy":"post_tag","embeddable":true,"href":"https:\/\/entretormentas.com\/index.php?rest_route=%2Fwp%2Fv2%2Ftags&post=17154"}],"curies":[{"name":"wp","href":"https:\/\/api.w.org\/{rel}","templated":true}]}}