{"id":17158,"date":"2025-05-25T11:57:41","date_gmt":"2025-05-25T09:57:41","guid":{"rendered":"https:\/\/entretormentas.com\/?p=17158"},"modified":"2025-05-25T11:57:42","modified_gmt":"2025-05-25T09:57:42","slug":"conviccion-capriles-afirma-que-maduro-quiere-que-se-apague-el-voto-y-por-eso-hay-que-votar","status":"publish","type":"post","link":"https:\/\/entretormentas.com\/conviccion-capriles-afirma-que-maduro-quiere-que-se-apague-el-voto-y-por-eso-hay-que-votar\/","title":{"rendered":"\u00a1CONVICCI\u00d3N! Capriles afirma que Maduro \u00abquiere que se apague el voto\u00bb y por eso \u00abhay que votar\u00bb"},"content":{"rendered":"\n<p><strong>ENTRE TORMENTAS.<\/strong> Henrique Capriles afirm\u00f3 que \u00abMaduro quiere que se apague el voto\u00bb y por se\u00f1ala que es indispensable movilizarse y llama a que se use \u00abel arma de los dem\u00f3cratas que no es otra que el voto\u00bb.<\/p>\n\n\n\n<p>\u00abNos oponemos a este r\u00e9gimen y luchamos con las armas de la democracia. Quien ha atentado contra la democracia es Maduro y nosotros no nos ponemos salir de ah\u00ed. El voto es un instrumento para expresarse\u00bb, se\u00f1al\u00f3 Henrique Capriles, candidato a la Asamblea Nacional<\/p>\n\n\n\n<p>En su discurso indic\u00f3 que \u00abla soluci\u00f3n est\u00e1 en nosotros los venezolanos. Nadie vendr\u00e1 a salvarnos, y eso hay que decirlo claramente a la gente. Voy a ir a votar por los de a pie, por la gente que es maltratada todos los d\u00edas por este r\u00e9gimen\u00bb.<br><strong><em>ET \/ Agencias<\/em><\/strong><\/p>\n","protected":false},"excerpt":{"rendered":"<p>ENTRE TORMENTAS. Henrique Capriles afirm\u00f3 que \u00abMaduro quiere que se apague el voto\u00bb y por&#8230;<\/p>\n","protected":false},"author":2,"featured_media":17159,"comment_status":"closed","ping_status":"open","sticky":false,"template":"","format":"standard","meta":{"footnotes":""},"categories":[56,49],"tags":[],"class_list":["post-17158","post","type-post","status-publish","format-standard","has-post-thumbnail","hentry","category-destacadas","category-nacionales"],"_links":{"self":[{"href":"https:\/\/entretormentas.com\/index.php?rest_route=\/wp\/v2\/posts\/17158","targetHints":{"allow":["GET"]}}],"collection":[{"href":"https:\/\/entretormentas.com\/index.php?rest_route=\/wp\/v2\/posts"}],"about":[{"href":"https:\/\/entretormentas.com\/index.php?rest_route=\/wp\/v2\/types\/post"}],"author":[{"embeddable":true,"href":"https:\/\/entretormentas.com\/index.php?rest_route=\/wp\/v2\/users\/2"}],"replies":[{"embeddable":true,"href":"https:\/\/entretormentas.com\/index.php?rest_route=%2Fwp%2Fv2%2Fcomments&post=17158"}],"version-history":[{"count":1,"href":"https:\/\/entretormentas.com\/index.php?rest_route=\/wp\/v2\/posts\/17158\/revisions"}],"predecessor-version":[{"id":17160,"href":"https:\/\/entretormentas.com\/index.php?rest_route=\/wp\/v2\/posts\/17158\/revisions\/17160"}],"wp:featuredmedia":[{"embeddable":true,"href":"https:\/\/entretormentas.com\/index.php?rest_route=\/wp\/v2\/media\/17159"}],"wp:attachment":[{"href":"https:\/\/entretormentas.com\/index.php?rest_route=%2Fwp%2Fv2%2Fmedia&parent=17158"}],"wp:term":[{"taxonomy":"category","embeddable":true,"href":"https:\/\/entretormentas.com\/index.php?rest_route=%2Fwp%2Fv2%2Fcategories&post=17158"},{"taxonomy":"post_tag","embeddable":true,"href":"https:\/\/entretormentas.com\/index.php?rest_route=%2Fwp%2Fv2%2Ftags&post=17158"}],"curies":[{"name":"wp","href":"https:\/\/api.w.org\/{rel}","templated":true}]}}