{"id":17161,"date":"2025-05-25T12:07:34","date_gmt":"2025-05-25T10:07:34","guid":{"rendered":"https:\/\/entretormentas.com\/?p=17161"},"modified":"2025-05-25T12:07:36","modified_gmt":"2025-05-25T10:07:36","slug":"adios-leyendas-emotiva-despedida-de-luka-modric-y-carlo-ancelotti-del-real-madrid","status":"publish","type":"post","link":"https:\/\/entretormentas.com\/adios-leyendas-emotiva-despedida-de-luka-modric-y-carlo-ancelotti-del-real-madrid\/","title":{"rendered":"\u00a1ADIOS LEYENDAS! Emotiva despedida de Luka Modri\u0107 y Carlo Ancelotti del Real Madrid"},"content":{"rendered":"\n<p><strong>ENTRE TORMENTAS.<\/strong> Luka Modri\u0107 y Carlo Ancelotti cerraron sus etapas en el Real Madrid con un emotivo homenaje en el Estadio Santiago Bernab\u00e9u, donde fueron despedidos como aut\u00e9nticas leyendas del club. Ambos, con trayectorias hist\u00f3ricas, acumulan 28 y 15 t\u00edtulos respectivamente, consolid\u00e1ndose como figuras ic\u00f3nicas en la historia del equipo. Esto sucedi\u00f3 en el marco del \u00faltimo partido de la temporada en La Liga de Espa\u00f1a, que termin\u00f3 con una victoria del elenco Merengue frente a la Real Sociedad, con un marcador de 2-0 gracias a un doblete de Kylian Mbapp\u00e9.<\/p>\n\n\n\n<p>El momento m\u00e1s emotivo del partido lleg\u00f3 en el minuto 85, cuando Carlo Ancelotti, en su \u00faltimo partido como entrenador del Real Madrid y que ser\u00eda reemplazado por Xabi Alonso, decidi\u00f3 sustituir a Luka Modri\u0107. El estadio se detuvo para rendir homenaje al croata, quien recibi\u00f3 una ovaci\u00f3n ensordecedora mientras ambos equipos formaban un pasillo en su honor. Este gesto marc\u00f3 el cierre de una etapa gloriosa para el croata, quien se despide del club tras una carrera llena de \u00e9xitos y momentos inolvidables.<\/p>\n\n\n\n<figure class=\"wp-block-image size-large\"><img fetchpriority=\"high\" decoding=\"async\" width=\"826\" height=\"1024\" src=\"https:\/\/entretormentas.com\/wp-content\/uploads\/2025\/05\/luka2-826x1024.jpeg\" alt=\"\" class=\"wp-image-17162\" srcset=\"https:\/\/entretormentas.com\/wp-content\/uploads\/2025\/05\/luka2-826x1024.jpeg 826w, https:\/\/entretormentas.com\/wp-content\/uploads\/2025\/05\/luka2-242x300.jpeg 242w, https:\/\/entretormentas.com\/wp-content\/uploads\/2025\/05\/luka2-768x953.jpeg 768w, https:\/\/entretormentas.com\/wp-content\/uploads\/2025\/05\/luka2-1024x1270.jpeg 1024w, https:\/\/entretormentas.com\/wp-content\/uploads\/2025\/05\/luka2.jpeg 1032w\" sizes=\"(max-width: 826px) 100vw, 826px\" \/><\/figure>\n\n\n\n<p><strong>PALABRAS SENTIDAS<\/strong><br>\u201cHa llegado el momento que nunca quise que llegara, pero ha sido un viaje largo pero maravilloso.: \u201cHemos ganado mucho, hemos tenido momentos maravillosos. Pero el trofeo m\u00e1s grande es vuestro amor que me hab\u00e9is dado en todos estos a\u00f1os. No hay palabras para agradeceros todo lo que me hab\u00e9is dado estos a\u00f1os. Quiero decir una frase que he visto y me gust\u00f3: No llores porque se termin\u00f3, sonr\u00ede porque sucedi\u00f3. Hala Madrid y nada m\u00e1s\u201d.<\/p>\n\n\n\n<p>Aunque la emotividad tambi\u00e9n estuvo centrada en la despedida de Carletto, quien hizo llorar al propio presidente Florentino P\u00e9rez. \u201cNo ten\u00e9is que pensar que es tan sencillo hablar hoy. Ha sido un honor, ha sido un placer entrenar a este club, a este equipo. Quiero agradecer en primer lugar a mi querido presidente, a Florentino. Ha sido fant\u00e1stico, gracias por estos momentos\u201d, expres\u00f3 de forma muy sentida.<\/p>\n\n\n\n<figure class=\"wp-block-image size-large\"><img decoding=\"async\" width=\"819\" height=\"1024\" src=\"https:\/\/entretormentas.com\/wp-content\/uploads\/2025\/05\/luka4-819x1024.jpeg\" alt=\"\" class=\"wp-image-17163\" srcset=\"https:\/\/entretormentas.com\/wp-content\/uploads\/2025\/05\/luka4-819x1024.jpeg 819w, https:\/\/entretormentas.com\/wp-content\/uploads\/2025\/05\/luka4-240x300.jpeg 240w, https:\/\/entretormentas.com\/wp-content\/uploads\/2025\/05\/luka4-768x960.jpeg 768w, https:\/\/entretormentas.com\/wp-content\/uploads\/2025\/05\/luka4.jpeg 1024w\" sizes=\"(max-width: 819px) 100vw, 819px\" \/><\/figure>\n\n\n\n<p>Al mismo tiempo, con la voz quebrada, sum\u00f3: \u201cHa sido fant\u00e1stico entrenar este grupo de futbolistas, de unas cualidades extraordinarias. Ha sido fant\u00e1stico compartir estos momentos con vosotros. Ha sido una historia inolvidable porque nadie puede olvidar los tres goles de Karim contra el Paris Saint-Germain, nadie puede olvidar los dos de Rodrygo contra el City ni el pase de Luka. Y nadie puede olvidar los dos goles de Joselu. Y yo tampoco puedo olvidar cada d\u00eda que he pasado aqu\u00ed. Y termino con Hala Madrid y nada m\u00e1s. Os quiero mucho\u201d.<\/p>\n\n\n\n<p>Posteriormente a esto, ambos dieron una vuelta ol\u00edmpica para saludar a toda la gente. Adem\u00e1s, todo el plantel alzo por el aire en un ritual caracter\u00edstico. Ancelotti deja una huella de 353 partidos dirigidos en total, donde consum\u00f3 253 victorias y 15 trofeos conquistados, dentro de los cuales se destacan tres UEFA Champions League. Por su parte, Modrid disput\u00f3 590 encuentros oficiales, donde registr\u00f3 43 goles y 95 asistencias, adem\u00e1s de 28 t\u00edtulos.<\/p>\n\n\n\n<figure class=\"wp-block-image size-large\"><img decoding=\"async\" width=\"1024\" height=\"1009\" src=\"https:\/\/entretormentas.com\/wp-content\/uploads\/2025\/05\/luka5-1024x1009.jpeg\" alt=\"\" class=\"wp-image-17164\" srcset=\"https:\/\/entretormentas.com\/wp-content\/uploads\/2025\/05\/luka5-1024x1009.jpeg 1024w, https:\/\/entretormentas.com\/wp-content\/uploads\/2025\/05\/luka5-300x296.jpeg 300w, https:\/\/entretormentas.com\/wp-content\/uploads\/2025\/05\/luka5-768x757.jpeg 768w, https:\/\/entretormentas.com\/wp-content\/uploads\/2025\/05\/luka5.jpeg 1280w\" sizes=\"(max-width: 1024px) 100vw, 1024px\" \/><\/figure>\n\n\n\n<p>Toni Kroos, retirado la pasada temporada y componente de un hist\u00f3rico centro del campo del Real Madrid junto a Luka Modric -y Casemiro-, acudi\u00f3 al Santiago Bernab\u00e9u este s\u00e1bado para acompa\u00f1ar y vivir de cerca la despedida del croata del que ha sido su estadio las \u00faltimas 13 temporadas. Presente el portero costarricense Keylor Navas.<br><strong><em>ET \/ Agencias<\/em><\/strong><\/p>\n","protected":false},"excerpt":{"rendered":"<p>ENTRE TORMENTAS. Luka Modri\u0107 y Carlo Ancelotti cerraron sus etapas en el Real Madrid con&#8230;<\/p>\n","protected":false},"author":2,"featured_media":17165,"comment_status":"closed","ping_status":"open","sticky":false,"template":"","format":"standard","meta":{"footnotes":""},"categories":[53,56],"tags":[],"class_list":["post-17161","post","type-post","status-publish","format-standard","has-post-thumbnail","hentry","category-deportes","category-destacadas"],"_links":{"self":[{"href":"https:\/\/entretormentas.com\/index.php?rest_route=\/wp\/v2\/posts\/17161","targetHints":{"allow":["GET"]}}],"collection":[{"href":"https:\/\/entretormentas.com\/index.php?rest_route=\/wp\/v2\/posts"}],"about":[{"href":"https:\/\/entretormentas.com\/index.php?rest_route=\/wp\/v2\/types\/post"}],"author":[{"embeddable":true,"href":"https:\/\/entretormentas.com\/index.php?rest_route=\/wp\/v2\/users\/2"}],"replies":[{"embeddable":true,"href":"https:\/\/entretormentas.com\/index.php?rest_route=%2Fwp%2Fv2%2Fcomments&post=17161"}],"version-history":[{"count":1,"href":"https:\/\/entretormentas.com\/index.php?rest_route=\/wp\/v2\/posts\/17161\/revisions"}],"predecessor-version":[{"id":17166,"href":"https:\/\/entretormentas.com\/index.php?rest_route=\/wp\/v2\/posts\/17161\/revisions\/17166"}],"wp:featuredmedia":[{"embeddable":true,"href":"https:\/\/entretormentas.com\/index.php?rest_route=\/wp\/v2\/media\/17165"}],"wp:attachment":[{"href":"https:\/\/entretormentas.com\/index.php?rest_route=%2Fwp%2Fv2%2Fmedia&parent=17161"}],"wp:term":[{"taxonomy":"category","embeddable":true,"href":"https:\/\/entretormentas.com\/index.php?rest_route=%2Fwp%2Fv2%2Fcategories&post=17161"},{"taxonomy":"post_tag","embeddable":true,"href":"https:\/\/entretormentas.com\/index.php?rest_route=%2Fwp%2Fv2%2Ftags&post=17161"}],"curies":[{"name":"wp","href":"https:\/\/api.w.org\/{rel}","templated":true}]}}