{"id":17172,"date":"2025-05-25T20:00:10","date_gmt":"2025-05-25T18:00:10","guid":{"rendered":"https:\/\/entretormentas.com\/?p=17172"},"modified":"2025-05-25T20:00:11","modified_gmt":"2025-05-25T18:00:11","slug":"estuvo-en-la-basilica-luis-caldera-afirma-que-hoy-se-escribira-una-nueva-pagina-para-la-historia-del-zulia","status":"publish","type":"post","link":"https:\/\/entretormentas.com\/estuvo-en-la-basilica-luis-caldera-afirma-que-hoy-se-escribira-una-nueva-pagina-para-la-historia-del-zulia\/","title":{"rendered":"\u00a1ESTUVO EN LA BAS\u00cdLICA! Luis Caldera afirma que \u00abhoy se escribir\u00e1 una nueva p\u00e1gina para la historia del Zulia\u00bb"},"content":{"rendered":"\n<p><\/p>\n\n\n\n<p>ENTRE TORMENTAS. El alcalde de Mara y candidato por el Gran Polo Patri\u00f3tico (GPP) a la Gobernaci\u00f3n del estado Zulia, Luis Caldera, visit\u00f3 a primera hora de la ma\u00f1ana de este domingo la Bas\u00edlica de Nuestra Se\u00f1ora del Rosario de Chiquinquir\u00e1, donde manifest\u00f3 la ma\u00f1ana de este domingo, la importancia de participar en la jornada electoral.<\/p>\n\n\n\n<p>\u00abIniciamos la jornada del 25 de mayo asistiendo a la eucarist\u00eda a la Bas\u00edlica de Nuestra Se\u00f1ora de Chiquinquir\u00e1, luego de recibir el parte de instalaci\u00f3n y la constituci\u00f3n de las mesas en el Zulia que son tres mil 53 con toda normalidad\u00bb, afirm\u00f3.<\/p>\n\n\n\n<figure class=\"wp-block-image size-full\"><img fetchpriority=\"high\" decoding=\"async\" width=\"720\" height=\"766\" src=\"https:\/\/entretormentas.com\/wp-content\/uploads\/2025\/05\/image-2.png\" alt=\"\" class=\"wp-image-17174\" srcset=\"https:\/\/entretormentas.com\/wp-content\/uploads\/2025\/05\/image-2.png 720w, https:\/\/entretormentas.com\/wp-content\/uploads\/2025\/05\/image-2-282x300.png 282w\" sizes=\"(max-width: 720px) 100vw, 720px\" \/><\/figure>\n\n\n\n<p>Por otro lado, reiter\u00f3 que \u00abel pueblo debe salir a ejercer ese derecho soberano en los mil 453 centros de votaci\u00f3n, dispuestos en los 21 municipios zulianos\u00bb, precis\u00f3 Caldera.<\/p>\n\n\n\n<p>VOTO POR EL ZULIA<br>El alcalde marense destac\u00f3 que el pa\u00eds vive un proceso en paz. M\u00e1s tarde cumpli\u00f3 con su derecho al voto en la escuela \u2018Eleazar \u00c1\u00f1ez Granadillo\u2019, parroquia San Rafael en el municipio Mara\u00bb.<\/p>\n\n\n\n<p>Caldera resalt\u00f3 que \u00abse encuentra activada toda una movilizaci\u00f3n y equipo del Partido Socialista Unido de Venezuela (Psuv) y del GPP para garantizar una participaci\u00f3n activa durante estas 10 horas de proceso electoral que terminar\u00e1n de forma pac\u00edfica y victoriosa\u00bb.<\/p>\n\n\n\n<p>El candidato del GPP afirm\u00f3 que \u00abtenemos un balance de optimismo, esperanza, alegr\u00eda. Estamos seguros que hoy se escribir\u00e1 una nueva p\u00e1gina para la historia del Zulia\u00bb.<br>ET \/ ECU<\/p>\n\n\n\n<figure class=\"wp-block-image size-full\"><img decoding=\"async\" width=\"720\" height=\"569\" src=\"https:\/\/entretormentas.com\/wp-content\/uploads\/2025\/05\/image-3.png\" alt=\"\" class=\"wp-image-17175\" srcset=\"https:\/\/entretormentas.com\/wp-content\/uploads\/2025\/05\/image-3.png 720w, https:\/\/entretormentas.com\/wp-content\/uploads\/2025\/05\/image-3-300x237.png 300w\" sizes=\"(max-width: 720px) 100vw, 720px\" \/><\/figure>\n","protected":false},"excerpt":{"rendered":"<p>ENTRE TORMENTAS. El alcalde de Mara y candidato por el Gran Polo Patri\u00f3tico (GPP) a&#8230;<\/p>\n","protected":false},"author":2,"featured_media":17173,"comment_status":"closed","ping_status":"open","sticky":false,"template":"","format":"standard","meta":{"footnotes":""},"categories":[56,1],"tags":[],"class_list":["post-17172","post","type-post","status-publish","format-standard","has-post-thumbnail","hentry","category-destacadas","category-regionales"],"_links":{"self":[{"href":"https:\/\/entretormentas.com\/index.php?rest_route=\/wp\/v2\/posts\/17172","targetHints":{"allow":["GET"]}}],"collection":[{"href":"https:\/\/entretormentas.com\/index.php?rest_route=\/wp\/v2\/posts"}],"about":[{"href":"https:\/\/entretormentas.com\/index.php?rest_route=\/wp\/v2\/types\/post"}],"author":[{"embeddable":true,"href":"https:\/\/entretormentas.com\/index.php?rest_route=\/wp\/v2\/users\/2"}],"replies":[{"embeddable":true,"href":"https:\/\/entretormentas.com\/index.php?rest_route=%2Fwp%2Fv2%2Fcomments&post=17172"}],"version-history":[{"count":1,"href":"https:\/\/entretormentas.com\/index.php?rest_route=\/wp\/v2\/posts\/17172\/revisions"}],"predecessor-version":[{"id":17176,"href":"https:\/\/entretormentas.com\/index.php?rest_route=\/wp\/v2\/posts\/17172\/revisions\/17176"}],"wp:featuredmedia":[{"embeddable":true,"href":"https:\/\/entretormentas.com\/index.php?rest_route=\/wp\/v2\/media\/17173"}],"wp:attachment":[{"href":"https:\/\/entretormentas.com\/index.php?rest_route=%2Fwp%2Fv2%2Fmedia&parent=17172"}],"wp:term":[{"taxonomy":"category","embeddable":true,"href":"https:\/\/entretormentas.com\/index.php?rest_route=%2Fwp%2Fv2%2Fcategories&post=17172"},{"taxonomy":"post_tag","embeddable":true,"href":"https:\/\/entretormentas.com\/index.php?rest_route=%2Fwp%2Fv2%2Ftags&post=17172"}],"curies":[{"name":"wp","href":"https:\/\/api.w.org\/{rel}","templated":true}]}}