{"id":17182,"date":"2025-05-25T20:22:35","date_gmt":"2025-05-25T18:22:35","guid":{"rendered":"https:\/\/entretormentas.com\/?p=17182"},"modified":"2025-05-25T22:49:25","modified_gmt":"2025-05-25T20:49:25","slug":"gustavo-fernandez-el-pueblo-de-san-francisco-esta-ejerciendo-su-voto","status":"publish","type":"post","link":"https:\/\/entretormentas.com\/gustavo-fernandez-el-pueblo-de-san-francisco-esta-ejerciendo-su-voto\/","title":{"rendered":"GUSTAVO FERN\u00c1NDEZ: \u00abEl pueblo de San Francisco est\u00e1 ejerciendo su voto\u00bb"},"content":{"rendered":"\n<p><\/p>\n\n\n\n<p>ENTRE TORMENTAS. El alcalde del municipio San Francisco, Gustavo Fern\u00e1ndez, ejerci\u00f3 su derecho al voto en horas del mediod\u00eda en el Liceo Nacional Evaristo P\u00e9rez, en la urbanizaci\u00f3n San Felipe, donde manifest\u00f3 que el proceso se ha desarrollado con toda normalidad.<\/p>\n\n\n\n<p>Fern\u00e1ndez explic\u00f3 que el proceso es sencillo y r\u00e1pido. \u00abCada quien est\u00e1 haciendo su trabajo. El Plan Rep\u00fablica ha mantenido un comportamiento impecable, as\u00ed como los funcionarios del Consejo Nacional Electoral (CNE) est\u00e1n haciendo su trabajo\u00bb.<\/p>\n\n\n\n<figure class=\"wp-block-image size-full\"><img fetchpriority=\"high\" decoding=\"async\" width=\"1012\" height=\"583\" src=\"https:\/\/entretormentas.com\/wp-content\/uploads\/2025\/05\/image-9.png\" alt=\"\" class=\"wp-image-17196\" srcset=\"https:\/\/entretormentas.com\/wp-content\/uploads\/2025\/05\/image-9.png 1012w, https:\/\/entretormentas.com\/wp-content\/uploads\/2025\/05\/image-9-300x173.png 300w, https:\/\/entretormentas.com\/wp-content\/uploads\/2025\/05\/image-9-768x442.png 768w\" sizes=\"(max-width: 1012px) 100vw, 1012px\" \/><\/figure>\n\n\n\n<p>De igual manera, Fern\u00e1ndez convoc\u00f3 a los habitantes del municipio sure\u00f1o a que \u00abse acerquen a sus centros de votaci\u00f3n y cumplan con el derecho a sufragar consagrado en la Constituci\u00f3n\u00bb.<\/p>\n\n\n\n<p>No obstante, aclar\u00f3 que en San Francisco, \u00abel pueblo est\u00e1 ejerciendo el derecho soberano que es el derecho al voto\u00bb.<\/p>\n\n\n\n<p>Concluy\u00f3 diciendo que el futuro del Zulia y de San Francisco est\u00e1 en las manos de los ciudadanos y el cambio que inici\u00f3 hace cuatro a\u00f1os tendr\u00e1 continuidad.<br>ET \/ Gabriel Sthormes \/ ECU<\/p>\n","protected":false},"excerpt":{"rendered":"<p>ENTRE TORMENTAS. El alcalde del municipio San Francisco, Gustavo Fern\u00e1ndez, ejerci\u00f3 su derecho al voto&#8230;<\/p>\n","protected":false},"author":2,"featured_media":17194,"comment_status":"closed","ping_status":"open","sticky":false,"template":"","format":"standard","meta":{"footnotes":""},"categories":[56,1],"tags":[],"class_list":["post-17182","post","type-post","status-publish","format-standard","has-post-thumbnail","hentry","category-destacadas","category-regionales"],"_links":{"self":[{"href":"https:\/\/entretormentas.com\/index.php?rest_route=\/wp\/v2\/posts\/17182","targetHints":{"allow":["GET"]}}],"collection":[{"href":"https:\/\/entretormentas.com\/index.php?rest_route=\/wp\/v2\/posts"}],"about":[{"href":"https:\/\/entretormentas.com\/index.php?rest_route=\/wp\/v2\/types\/post"}],"author":[{"embeddable":true,"href":"https:\/\/entretormentas.com\/index.php?rest_route=\/wp\/v2\/users\/2"}],"replies":[{"embeddable":true,"href":"https:\/\/entretormentas.com\/index.php?rest_route=%2Fwp%2Fv2%2Fcomments&post=17182"}],"version-history":[{"count":2,"href":"https:\/\/entretormentas.com\/index.php?rest_route=\/wp\/v2\/posts\/17182\/revisions"}],"predecessor-version":[{"id":17197,"href":"https:\/\/entretormentas.com\/index.php?rest_route=\/wp\/v2\/posts\/17182\/revisions\/17197"}],"wp:featuredmedia":[{"embeddable":true,"href":"https:\/\/entretormentas.com\/index.php?rest_route=\/wp\/v2\/media\/17194"}],"wp:attachment":[{"href":"https:\/\/entretormentas.com\/index.php?rest_route=%2Fwp%2Fv2%2Fmedia&parent=17182"}],"wp:term":[{"taxonomy":"category","embeddable":true,"href":"https:\/\/entretormentas.com\/index.php?rest_route=%2Fwp%2Fv2%2Fcategories&post=17182"},{"taxonomy":"post_tag","embeddable":true,"href":"https:\/\/entretormentas.com\/index.php?rest_route=%2Fwp%2Fv2%2Ftags&post=17182"}],"curies":[{"name":"wp","href":"https:\/\/api.w.org\/{rel}","templated":true}]}}