{"id":17185,"date":"2025-05-25T20:50:31","date_gmt":"2025-05-25T18:50:31","guid":{"rendered":"https:\/\/entretormentas.com\/?p=17185"},"modified":"2025-05-25T20:50:33","modified_gmt":"2025-05-25T18:50:33","slug":"ely-ramon-atencio-es-fundamental-que-todos-los-zulianos-salgan-a-votar-es-facil-y-rapido","status":"publish","type":"post","link":"https:\/\/entretormentas.com\/ely-ramon-atencio-es-fundamental-que-todos-los-zulianos-salgan-a-votar-es-facil-y-rapido\/","title":{"rendered":"ELY RAM\u00d3N ATENCIO: \u00abEs fundamental que todos los zulianos salgan a votar. Es f\u00e1cil y r\u00e1pido\u00bb"},"content":{"rendered":"\n<p><\/p>\n\n\n\n<p>ENTRE TORMENTAS. El alcalde de Rosario de Perij\u00e1 y aspirante a la Gobernaci\u00f3n del Zulia por AD y otros 12 partidos pol\u00edticos, Ely Ram\u00f3n Atencio, ejerci\u00f3 su derecho al voto en la Escuela Basica Nacional Fel\u00edcita de Espinoza del sector Noriega Trigo de la parroquia el Rosario, centro que cuenta con cinco mesas de votaci\u00f3n y un total de cinco mil 597 electores.<\/p>\n\n\n\n<p>Atencio hizo un llamado a la poblaci\u00f3n a salir a votar y puedan ejercer el derecho al Voto \u00abno importa por la opci\u00f3n que usted a bien decida pero salga y vote\u00bb, manifest\u00f3.<\/p>\n\n\n\n<p>El candidato destac\u00f3 que solo mediante la participaci\u00f3n consciente se podr\u00e1 avanzar hacia el mejoramiento del estado Zulia.<\/p>\n\n\n\n<p>\u00abEsta es la herramienta que tenemos para impulsar el cambio que queremos, desde nuestra visi\u00f3n, por el candidato que cada quien considere. H\u00e1galo, pero venga y participe\u00bb, insisti\u00f3.<br>ET \/ Nota de Prensa<\/p>\n\n\n\n<figure class=\"wp-block-image size-full\"><img fetchpriority=\"high\" decoding=\"async\" width=\"718\" height=\"360\" src=\"https:\/\/entretormentas.com\/wp-content\/uploads\/2025\/05\/image-6.png\" alt=\"\" class=\"wp-image-17187\" srcset=\"https:\/\/entretormentas.com\/wp-content\/uploads\/2025\/05\/image-6.png 718w, https:\/\/entretormentas.com\/wp-content\/uploads\/2025\/05\/image-6-300x150.png 300w\" sizes=\"(max-width: 718px) 100vw, 718px\" \/><\/figure>\n","protected":false},"excerpt":{"rendered":"<p>ENTRE TORMENTAS. El alcalde de Rosario de Perij\u00e1 y aspirante a la Gobernaci\u00f3n del Zulia&#8230;<\/p>\n","protected":false},"author":2,"featured_media":17186,"comment_status":"closed","ping_status":"open","sticky":false,"template":"","format":"standard","meta":{"footnotes":""},"categories":[56,1],"tags":[],"class_list":["post-17185","post","type-post","status-publish","format-standard","has-post-thumbnail","hentry","category-destacadas","category-regionales"],"_links":{"self":[{"href":"https:\/\/entretormentas.com\/index.php?rest_route=\/wp\/v2\/posts\/17185","targetHints":{"allow":["GET"]}}],"collection":[{"href":"https:\/\/entretormentas.com\/index.php?rest_route=\/wp\/v2\/posts"}],"about":[{"href":"https:\/\/entretormentas.com\/index.php?rest_route=\/wp\/v2\/types\/post"}],"author":[{"embeddable":true,"href":"https:\/\/entretormentas.com\/index.php?rest_route=\/wp\/v2\/users\/2"}],"replies":[{"embeddable":true,"href":"https:\/\/entretormentas.com\/index.php?rest_route=%2Fwp%2Fv2%2Fcomments&post=17185"}],"version-history":[{"count":1,"href":"https:\/\/entretormentas.com\/index.php?rest_route=\/wp\/v2\/posts\/17185\/revisions"}],"predecessor-version":[{"id":17188,"href":"https:\/\/entretormentas.com\/index.php?rest_route=\/wp\/v2\/posts\/17185\/revisions\/17188"}],"wp:featuredmedia":[{"embeddable":true,"href":"https:\/\/entretormentas.com\/index.php?rest_route=\/wp\/v2\/media\/17186"}],"wp:attachment":[{"href":"https:\/\/entretormentas.com\/index.php?rest_route=%2Fwp%2Fv2%2Fmedia&parent=17185"}],"wp:term":[{"taxonomy":"category","embeddable":true,"href":"https:\/\/entretormentas.com\/index.php?rest_route=%2Fwp%2Fv2%2Fcategories&post=17185"},{"taxonomy":"post_tag","embeddable":true,"href":"https:\/\/entretormentas.com\/index.php?rest_route=%2Fwp%2Fv2%2Ftags&post=17185"}],"curies":[{"name":"wp","href":"https:\/\/api.w.org\/{rel}","templated":true}]}}