{"id":17189,"date":"2025-05-25T22:47:35","date_gmt":"2025-05-25T20:47:35","guid":{"rendered":"https:\/\/entretormentas.com\/?p=17189"},"modified":"2025-05-25T22:47:35","modified_gmt":"2025-05-25T20:47:35","slug":"nicolas-maduro-el-pueblo-hoy-vota-por-la-paz","status":"publish","type":"post","link":"https:\/\/entretormentas.com\/nicolas-maduro-el-pueblo-hoy-vota-por-la-paz\/","title":{"rendered":"NICOL\u00c1S MADURO: \u00abEl pueblo hoy vota por la paz\u00bb"},"content":{"rendered":"\n<p><\/p>\n\n\n\n<p>ENTRE TORMENTAS. El presidente Nicol\u00e1s Maduro destac\u00f3 este domingo la participaci\u00f3n del pueblo venezolano en los comicios regionales y legislativos que se celebran en el pa\u00eds y recalc\u00f3 que su movilizaci\u00f3n es un mensaje por la paz y la democracia.<\/p>\n\n\n\n<p>\u00abHoy el pueblo, a pesar de la lluvia de temprano, la gente est\u00e1 votando (\u2026) Es ejemplo de perseverancia, de voluntad, de paz, porque cuando el pueblo vota, vota por la paz\u00bb, expres\u00f3 el jefe de Estado venezolano tras ejercer su derecho al sufragio en la Escuela Ecol\u00f3gica Nacional Bolivariana Sim\u00f3n Rodr\u00edguez, ubicada en Fuerte Tiuna, Caracas.<\/p>\n\n\n\n<p>En declaraciones a la prensa, el mandatario nacional record\u00f3 que Venezuela es el pa\u00eds con m\u00e1s elecciones libres, soberanas y democr\u00e1ticas de la historia de los \u00faltimos 100 a\u00f1os de la humanidad, siendo esta la n\u00famero 32 en los \u00faltimos 26 a\u00f1os.<\/p>\n\n\n\n<p>En este sentido, se\u00f1al\u00f3 que a pesar de los intentos desestabilizadores promovidos por sectores extremistas de la derecha, no se ha registrado ning\u00fan incidente.<\/p>\n\n\n\n<figure class=\"wp-block-image size-full\"><img fetchpriority=\"high\" decoding=\"async\" width=\"768\" height=\"947\" src=\"https:\/\/entretormentas.com\/wp-content\/uploads\/2025\/05\/image-7.png\" alt=\"\" class=\"wp-image-17191\" srcset=\"https:\/\/entretormentas.com\/wp-content\/uploads\/2025\/05\/image-7.png 768w, https:\/\/entretormentas.com\/wp-content\/uploads\/2025\/05\/image-7-243x300.png 243w\" sizes=\"(max-width: 768px) 100vw, 768px\" \/><\/figure>\n\n\n\n<p>\u00abLogramos hacer las elecciones sin ning\u00fan incidente y logramos derrotar la violencia que los terroristas ten\u00edan preparados en el pa\u00eds. Los volvimos a derrotar a los terroristas, a los violentos, a los fascistas\u00bb, puntualiz\u00f3 el presidente Maduro.<\/p>\n\n\n\n<p>Denunci\u00f3 que los extremistas pretend\u00edan implosionar centros electorales, refiner\u00edas, intentaron un ataque terrorista contra la central hidroel\u00e9ctrica El Guri y planificaron magnicidios contra l\u00edderes pol\u00edticos y representantes de la oposici\u00f3n.<\/p>\n\n\n\n<p>El jefe de Estado reiter\u00f3 su compromiso de respetar la decisi\u00f3n que se tome en las urnas y afirm\u00f3 que \u00abtodo el que sea electo, de la tolda que sea, desde ya mis respetos y reconocimiento y tiendo mi mano a trabajar con todo el que sea electo gobernador en este pa\u00eds, en los 24 estados\u00bb.<\/p>\n\n\n\n<p>Destac\u00f3 que, en estos comicios, por primera vez se est\u00e1n eligiendo representantes regionales y diputados en la Guayana Esequiba, tal y como se estableci\u00f3 en el refer\u00e9ndum de 2023.<\/p>\n\n\n\n<p>\u00abEs el nacimiento de la nueva soberan\u00eda venezolana, la tierra de Sim\u00f3n Bol\u00edvar sobre su Guayana Esequiba. Es el ejercicio de la soberan\u00eda real, porque la Rep\u00fablica Cooperativa de Guyana ha sido ocupante, ilegal, como herencia del imperio brit\u00e1nico que ocup\u00f3 ilegalmente ese territorio\u00bb, manifest\u00f3 el presidente venezolano.<\/p>\n\n\n\n<p>Invit\u00f3 al pueblo venezolano a ejercer su derecho, elegir a los representantes de sus estados y a votar por la paz.<\/p>\n\n\n\n<p>Reforma Constitucional<br>Durante la rueda de prensa, el presidente Nicol\u00e1s Maduro se refiri\u00f3 al proceso de reforma constitucional que se lleva a cabo en el pa\u00eds.<\/p>\n\n\n\n<p>Al respecto, afirm\u00f3 que, como jefe de Estado, se debati\u00f3 con la Comisi\u00f3n para la reforma para realizar un proceso de consulta m\u00e1s amplio, de mayor debate y, en enero de 2026 cuando asuma la nueva Asamblea Nacional, se presente la propuesta definitiva.<\/p>\n\n\n\n<p>De igual forma, manifest\u00f3 la intenci\u00f3n de \u00abperfeccionar el sistema electoral\u00bb y actualizar los m\u00e9todos electorales.<\/p>\n\n\n\n<p>\u00abVenezuela necesita ampliar y traer a la realidad el nuevo sistema pol\u00edtico a construir su sistema electoral. Que se cree el Sistema Electoral de los Circuitos Comunales, como nuevo sistema de consulta permanente. Hacer una reingenier\u00eda para actualizar los m\u00e9todos, y que est\u00e9 en el territorio\u00bb, concluy\u00f3.<br>ET \/ Mincyt Prensa<\/p>\n\n\n\n<figure class=\"wp-block-image size-full\"><img decoding=\"async\" width=\"768\" height=\"512\" src=\"https:\/\/entretormentas.com\/wp-content\/uploads\/2025\/05\/image-8.png\" alt=\"\" class=\"wp-image-17192\" srcset=\"https:\/\/entretormentas.com\/wp-content\/uploads\/2025\/05\/image-8.png 768w, https:\/\/entretormentas.com\/wp-content\/uploads\/2025\/05\/image-8-300x200.png 300w\" sizes=\"(max-width: 768px) 100vw, 768px\" \/><\/figure>\n","protected":false},"excerpt":{"rendered":"<p>ENTRE TORMENTAS. El presidente Nicol\u00e1s Maduro destac\u00f3 este domingo la participaci\u00f3n del pueblo venezolano en&#8230;<\/p>\n","protected":false},"author":2,"featured_media":17190,"comment_status":"closed","ping_status":"open","sticky":false,"template":"","format":"standard","meta":{"footnotes":""},"categories":[56,49],"tags":[],"class_list":["post-17189","post","type-post","status-publish","format-standard","has-post-thumbnail","hentry","category-destacadas","category-nacionales"],"_links":{"self":[{"href":"https:\/\/entretormentas.com\/index.php?rest_route=\/wp\/v2\/posts\/17189","targetHints":{"allow":["GET"]}}],"collection":[{"href":"https:\/\/entretormentas.com\/index.php?rest_route=\/wp\/v2\/posts"}],"about":[{"href":"https:\/\/entretormentas.com\/index.php?rest_route=\/wp\/v2\/types\/post"}],"author":[{"embeddable":true,"href":"https:\/\/entretormentas.com\/index.php?rest_route=\/wp\/v2\/users\/2"}],"replies":[{"embeddable":true,"href":"https:\/\/entretormentas.com\/index.php?rest_route=%2Fwp%2Fv2%2Fcomments&post=17189"}],"version-history":[{"count":1,"href":"https:\/\/entretormentas.com\/index.php?rest_route=\/wp\/v2\/posts\/17189\/revisions"}],"predecessor-version":[{"id":17193,"href":"https:\/\/entretormentas.com\/index.php?rest_route=\/wp\/v2\/posts\/17189\/revisions\/17193"}],"wp:featuredmedia":[{"embeddable":true,"href":"https:\/\/entretormentas.com\/index.php?rest_route=\/wp\/v2\/media\/17190"}],"wp:attachment":[{"href":"https:\/\/entretormentas.com\/index.php?rest_route=%2Fwp%2Fv2%2Fmedia&parent=17189"}],"wp:term":[{"taxonomy":"category","embeddable":true,"href":"https:\/\/entretormentas.com\/index.php?rest_route=%2Fwp%2Fv2%2Fcategories&post=17189"},{"taxonomy":"post_tag","embeddable":true,"href":"https:\/\/entretormentas.com\/index.php?rest_route=%2Fwp%2Fv2%2Ftags&post=17189"}],"curies":[{"name":"wp","href":"https:\/\/api.w.org\/{rel}","templated":true}]}}