{"id":17198,"date":"2025-05-26T11:29:11","date_gmt":"2025-05-26T09:29:11","guid":{"rendered":"https:\/\/entretormentas.com\/?p=17198"},"modified":"2025-05-26T11:29:12","modified_gmt":"2025-05-26T09:29:12","slug":"con-6465-de-los-votos-luis-caldera-es-el-nuevo-gobernador-del-estado-zulia","status":"publish","type":"post","link":"https:\/\/entretormentas.com\/con-6465-de-los-votos-luis-caldera-es-el-nuevo-gobernador-del-estado-zulia\/","title":{"rendered":"\u00a1CON 64,65 % DE LOS VOTOS! Luis Caldera es el nuevo gobernador del estado Zulia"},"content":{"rendered":"\n<p><strong>ENTRE TORMENTAS. <\/strong>Luis Gerardo Caldera Morales, candidato del Gran Polo Patri\u00f3tico Sim\u00f3n Bol\u00edvar (GPPSB), quien representa al oficialismo en la contienda electoral de este domingo 25 de mayo de 2025 y quien en la actualidad se desempe\u00f1aba como alcalde del municipio Mara; fue electo como nuevo gobernador del estado Zulia con 64,65 por ciento de los votos frente a 35, 35 % de Manuel Rosales, quien buscaba la relecci\u00f3n.<\/p>\n\n\n\n<p>Seg\u00fan cifras oficiales dadas a conocer por el rector Carlos Quintero en compa\u00f1\u00eda de Elvis Amoroso, presidente del Consejo Nacional Electoral, la noche de este Domingo, 25 de mayo, con un 97.61% de Trasmisi\u00f3n Luis Caldera es electo gobernador del estado Zulia con 455.312 votos que hacen la tendencia irreversible.<\/p>\n\n\n\n<p>Caldera bas\u00f3 su campa\u00f1a en la promesa de fortalecer la educaci\u00f3n, la salud y el comercio binacional en la regi\u00f3n.<\/p>\n\n\n\n<p>Su discurso resalt\u00f3 el legado del expresidente Hugo Ch\u00e1vez y el respaldo del gobierno de Nicol\u00e1s Maduro.<\/p>\n\n\n\n<figure class=\"wp-block-image size-large\"><img fetchpriority=\"high\" decoding=\"async\" width=\"1024\" height=\"683\" src=\"https:\/\/entretormentas.com\/wp-content\/uploads\/2025\/05\/lcsf4-1-1024x683.jpeg\" alt=\"\" class=\"wp-image-17199\" srcset=\"https:\/\/entretormentas.com\/wp-content\/uploads\/2025\/05\/lcsf4-1-1024x683.jpeg 1024w, https:\/\/entretormentas.com\/wp-content\/uploads\/2025\/05\/lcsf4-1-300x200.jpeg 300w, https:\/\/entretormentas.com\/wp-content\/uploads\/2025\/05\/lcsf4-1-768x512.jpeg 768w, https:\/\/entretormentas.com\/wp-content\/uploads\/2025\/05\/lcsf4-1.jpeg 1280w\" sizes=\"(max-width: 1024px) 100vw, 1024px\" \/><\/figure>\n\n\n\n<p><strong>CARRERA POL\u00cdTICA<\/strong><br>Luis Caldera inici\u00f3 sus pasos como l\u00edder comunitario desde su adolescencia, en el a\u00f1o 1993 se desempe\u00f1\u00f3 como dirigente de la asociaci\u00f3n de vecinos Rosita II, dedic\u00e1ndose a la soluci\u00f3n de los problemas de su comunidad.<\/p>\n\n\n\n<p>Caldera ha logrado convertirse en unos de los l\u00edderes pol\u00edticos m\u00e1s importantes de la regi\u00f3n, logrando ocupar cargos como presidente de la Asociaci\u00f3n de Alcaldes del Zulia por tres periodos consecutivos, miembro de Secretar\u00eda ante el Consejo Federal de Gobierno y vocero de los alcaldes por los estados Trujillo, M\u00e9rida, T\u00e1chira, Falc\u00f3n y Zulia, ante ese mismo organismo nacional.<\/p>\n\n\n\n<p>Caldera fue electo por primera vez como alcalde del municipio Guajira el estado Zulia, en el 2004, siendo reelecto cuatro veces m\u00e1s. Es el \u00fanico alcalde del estado Zulia que se ha mantenido en el cargo por m\u00e1s de cuatro periodos consecutivos.<\/p>\n\n\n\n<p>El nuevo gobernador del Zulia reafirm\u00f3 en sus propuestas su compromiso con el desarrollo del estado.<\/p>\n\n\n\n<p>Caldera buscar\u00e1 consolidar el modelo oficialista con \u00e9nfasis en la inversi\u00f3n p\u00fablica y el fortalecimiento de la relaci\u00f3n con el gobierno central.<\/p>\n\n\n\n<figure class=\"wp-block-image size-full\"><img decoding=\"async\" width=\"768\" height=\"512\" src=\"https:\/\/entretormentas.com\/wp-content\/uploads\/2025\/05\/lcfamili.jpeg\" alt=\"\" class=\"wp-image-17200\" srcset=\"https:\/\/entretormentas.com\/wp-content\/uploads\/2025\/05\/lcfamili.jpeg 768w, https:\/\/entretormentas.com\/wp-content\/uploads\/2025\/05\/lcfamili-300x200.jpeg 300w\" sizes=\"(max-width: 768px) 100vw, 768px\" \/><\/figure>\n\n\n\n<p><strong>EN LO PERSONAL<\/strong><br>Luis Caldera, nacido el 17 de febrero de 1979 en el seno de una familia humilde, hijo del m\u00e9dico Dr. Luis Caldera y M\u00e9lida Morales, tiene cuatro hermanos.<\/p>\n\n\n\n<p>Ingeniero de profesi\u00f3n, casado con Roselyn L\u00f3pez y padre de dos ni\u00f1as Luisiana y Luisangely Caldera L\u00f3pez. Tiene a su familia como su gran apoyo en todo.<br><strong><em>ET \/ El Regional del Zulia<\/em><\/strong><\/p>\n\n\n\n<p><\/p>\n","protected":false},"excerpt":{"rendered":"<p>ENTRE TORMENTAS. Luis Gerardo Caldera Morales, candidato del Gran Polo Patri\u00f3tico Sim\u00f3n Bol\u00edvar (GPPSB), quien&#8230;<\/p>\n","protected":false},"author":2,"featured_media":16998,"comment_status":"closed","ping_status":"open","sticky":false,"template":"","format":"standard","meta":{"footnotes":""},"categories":[56,1],"tags":[],"class_list":["post-17198","post","type-post","status-publish","format-standard","has-post-thumbnail","hentry","category-destacadas","category-regionales"],"_links":{"self":[{"href":"https:\/\/entretormentas.com\/index.php?rest_route=\/wp\/v2\/posts\/17198","targetHints":{"allow":["GET"]}}],"collection":[{"href":"https:\/\/entretormentas.com\/index.php?rest_route=\/wp\/v2\/posts"}],"about":[{"href":"https:\/\/entretormentas.com\/index.php?rest_route=\/wp\/v2\/types\/post"}],"author":[{"embeddable":true,"href":"https:\/\/entretormentas.com\/index.php?rest_route=\/wp\/v2\/users\/2"}],"replies":[{"embeddable":true,"href":"https:\/\/entretormentas.com\/index.php?rest_route=%2Fwp%2Fv2%2Fcomments&post=17198"}],"version-history":[{"count":1,"href":"https:\/\/entretormentas.com\/index.php?rest_route=\/wp\/v2\/posts\/17198\/revisions"}],"predecessor-version":[{"id":17201,"href":"https:\/\/entretormentas.com\/index.php?rest_route=\/wp\/v2\/posts\/17198\/revisions\/17201"}],"wp:featuredmedia":[{"embeddable":true,"href":"https:\/\/entretormentas.com\/index.php?rest_route=\/wp\/v2\/media\/16998"}],"wp:attachment":[{"href":"https:\/\/entretormentas.com\/index.php?rest_route=%2Fwp%2Fv2%2Fmedia&parent=17198"}],"wp:term":[{"taxonomy":"category","embeddable":true,"href":"https:\/\/entretormentas.com\/index.php?rest_route=%2Fwp%2Fv2%2Fcategories&post=17198"},{"taxonomy":"post_tag","embeddable":true,"href":"https:\/\/entretormentas.com\/index.php?rest_route=%2Fwp%2Fv2%2Ftags&post=17198"}],"curies":[{"name":"wp","href":"https:\/\/api.w.org\/{rel}","templated":true}]}}